{"id":54258,"date":"2017-11-21T12:32:04","date_gmt":"2017-11-21T12:32:04","guid":{"rendered":"https:\/\/www.dewetron.com\/news\/dewetron-wins-styrian-export-award\/"},"modified":"2025-03-03T18:02:00","modified_gmt":"2025-03-03T18:02:00","slug":"dewetron-wins-styrian-export-award","status":"publish","type":"post","link":"https:\/\/www.dewetron.com\/de\/news\/dewetron-wins-styrian-export-award\/","title":{"rendered":"&#8230; und der steirische Exportpreis geht an: DEWETRON!"},"content":{"rendered":"<div id=\"\" class=\"wp-block-text-columns margin-bottom-none\n      \">\n  <div class=\"container\">\n    <div class=\"row justify-content-center\">\n              <div class=\"col-12\">\n          <h2><\/h2>\n          <div class=\"content-size-normal\">\n            <p>Seit 13 Jahren vergibt die <a href=\"https:\/\/www.wko.at\/\">Wirtschaftskammer Steiermark den Steirischen Exportpreis<\/a> an international t\u00e4tige Unternehmen in der Steiermark. Es gibt drei verschiedene Kategorien: f\u00fcr kleine, mittlere und gro\u00dfe Unternehmen. In diesem Jahr bewertete eine hochkar\u00e4tig besetzte Jury aus Branchenexperten mehr als 45 Kandidaten allein in der Kategorie der mittleren Unternehmen. Die Konkurrenz war gro\u00df. Mit anderen Worten: Alle Teilnehmer haben in ihren Interessengebieten Spitzenleistungen erbracht. Unternehmen wie AVL List, Binder &amp; Co, Nuki Home Solutions und Pessl Instruments haben sich dem Wettbewerb angeschlossen. Daher sind wir stolz und f\u00fchlen uns geehrt zu verk\u00fcnden: DEWETRON gewinnt den steirischen Exportpreis 2017.<\/p>\n<p>&nbsp;<\/p>\n<h3>Offizielle Zeremonie<\/h3>\n<p>Im Rahmen der offiziellen Verleihung des Steirischen Exportpreises \u00fcberreichte Frau Barbara Eibinger-Miedl, Landesr\u00e4tin f\u00fcr Wirtschaft, Innovation und Kultur, die Troph\u00e4en. Raimund Trummer, DEWETRONs Vice President of Sales, nahm den Preis stellvertretend f\u00fcr das gesamte Unternehmen entgegen. In seiner Rede lobte Trummer vor allem das kompetente, erfahrene und flei\u00dfige Team. Dank des Engagements der DEWETRON Mitarbeiter ist das Unternehmen in der Lage, die Bed\u00fcrfnisse der Kunden auf der ganzen Welt zu erf\u00fcllen. Neben der harten Arbeit hob Herr Trummer auch die Werte von DEWETRON hervor. Durch die Einhaltung der internen Richtlinien erreicht DEWETRON Ergebnisse auf hohem Niveau und beste Leistungen. Als Ergebnis z\u00e4hlt DEWETRON bereits mehr als 400 000 aktive Messkan\u00e4le.<\/p>\n<p>&nbsp;<\/p>\n<h3>DEWETRON gewinnt den steirischen Exportpreis<\/h3>\n<p>Erleben Sie die offizielle Preisverleihung und genie\u00dfen Sie die fantastische multimediale Vorstellung von DEWETRON hier:<\/p>\n<div class=\"brlbs-cmpnt-container brlbs-cmpnt-content-blocker brlbs-cmpnt-with-individual-styles\" data-borlabs-cookie-content-blocker-id=\"youtube-content-blocker\" data-borlabs-cookie-content=\"PGlmcmFtZSB0aXRsZT0iREVXRVRST04gRXhwb3J0IEF3YXJkIiB3aWR0aD0iNTAwIiBoZWlnaHQ9IjI4MSIgc3JjPSJodHRwczovL3d3dy55b3V0dWJlLmNvbS9lbWJlZC9xMXVfLWNoS2tUZz9mZWF0dXJlPW9lbWJlZCIgZnJhbWVib3JkZXI9IjAiIGFsbG93PSJhY2NlbGVyb21ldGVyOyBhdXRvcGxheTsgY2xpcGJvYXJkLXdyaXRlOyBlbmNyeXB0ZWQtbWVkaWE7IGd5cm9zY29wZTsgcGljdHVyZS1pbi1waWN0dXJlOyB3ZWItc2hhcmUiIHJlZmVycmVycG9saWN5PSJzdHJpY3Qtb3JpZ2luLXdoZW4tY3Jvc3Mtb3JpZ2luIiBhbGxvd2Z1bGxzY3JlZW4+PC9pZnJhbWU+\">\n<div class=\"brlbs-cmpnt-cb-preset-c brlbs-cmpnt-cb-youtube\">\n<div class=\"brlbs-cmpnt-cb-thumbnail\" style=\"background-image: url('https:\/\/www.dewetron.com\/app\/uploads\/borlabs-cookie\/1\/yt_q1u_-chKkTg_hqdefault.jpg')\"><\/div>\n<div class=\"brlbs-cmpnt-cb-main\">\n<div class=\"brlbs-cmpnt-cb-play-button\"><\/div>\n<div class=\"brlbs-cmpnt-cb-content\">\n<p class=\"brlbs-cmpnt-cb-description\">Sie sehen gerade einen Platzhalterinhalt von <strong>YouTube<\/strong>. Um auf den eigentlichen Inhalt zuzugreifen, klicken Sie auf die Schaltfl\u00e4che unten. Bitte beachten Sie, dass dabei Daten an Drittanbieter weitergegeben werden.<\/p>\n<p> <a class=\"brlbs-cmpnt-cb-provider-toggle\" href=\"#\" data-borlabs-cookie-show-provider-information role=\"button\">Mehr Informationen<\/a> <\/div>\n<div class=\"brlbs-cmpnt-cb-buttons\"> <a class=\"brlbs-cmpnt-cb-btn\" href=\"#\" data-borlabs-cookie-unblock role=\"button\">Inhalt entsperren<\/a> <a class=\"brlbs-cmpnt-cb-btn\" href=\"#\" data-borlabs-cookie-accept-service role=\"button\" style=\"display: inherit\">Erforderlichen Service akzeptieren und Inhalte entsperren<\/a> <\/div>\n<\/p><\/div>\n<\/p><\/div>\n<\/div>\n<p>Wenn Sie keine Neuigkeiten oder Updates verpassen wollen, folgen Sie uns auf <a href=\"https:\/\/www.linkedin.com\/company\/dewetron\/\">LinkedIn<\/a> und besuchen Sie regelm\u00e4\u00dfig unsere Website und unseren Blog.<br \/>\nDEWETRON gewinnt den steirischen Exportpreis und ist gespannt auf weitere Herausforderungen!<\/p>\n<p>(photo credits\u00a0\u00a9 ICS, Milatovic)<\/p>\n\n          <\/div>\n        <\/div>\n          <\/div>\n  <\/div>\n<\/div>\n\n\n<div id=\"\" class=\"wp-block-claim-links-gray margin-bottom-none\">\n  <div class=\"container-fluid bg-container py-7 bg-darkgray\">\n    <div class=\"container position-relative\">\n      <div class=\"claim col-12 col-lg-8 offset-lg-2 text-center text-light\">\n                  <h3 class=\"h3 text-uppercase\">ERFAHREN SIE MEHR \u00dcBER DEWETRON<\/h3>\n                                  <div class=\"link-button d-flex flex-wrap mt-4 justify-content-center gap-4\">\n                          <a class=\"dewetron-btn\" href=\"https:\/\/www.dewetron.com\/de\/ueber-uns\/\" target=\"\">\n          \n      <span>\u00dcBER UNS<\/span>\n      <\/a>\n                                              <\/div>\n              <\/div>\n    <\/div>\n    <div class=\"triangle-left\">\n      <svg width=\"473\" height=\"469\" viewBox=\"0 0 473 469\" fill=\"none\" xmlns=\"http:\/\/www.w3.org\/2000\/svg\">\n<path d=\"M323.984 352.833H79.0486L13.0728 467.099V468.52H390.784L323.984 352.833Z\" fill=\"#B0B0AF\"\/>\n<path d=\"M134.967 0L-68 351.55L-2.02418 465.84L-0.810036 466.55L268.545 0H134.967Z\" fill=\"#B0B0AF\"\/>\n<path d=\"M472.154 352.833L275.853 12.8511L209.053 128.515L405.354 468.52L472.154 352.833Z\" fill=\"#B0B0AF\"\/>\n<\/svg>    <\/div>\n    <div class=\"triangle-right\">\n      <svg width=\"462\" height=\"644\" viewBox=\"0 0 462 644\" fill=\"none\" xmlns=\"http:\/\/www.w3.org\/2000\/svg\">\n<path d=\"M538.396 484.622H201.974L111.355 641.569V643.52H630.148L538.396 484.622Z\" fill=\"#B0B0AF\"\/>\n<path d=\"M278.779 0L0 482.86L90.6189 639.839L92.2865 640.814L462.251 0H278.779Z\" fill=\"#B0B0AF\"\/>\n<path d=\"M741.911 484.622L472.288 17.6514L380.537 176.518L650.159 643.52L741.911 484.622Z\" fill=\"#B0B0AF\"\/>\n<\/svg>    <\/div>\n  <\/div>\n<\/div>\n\n\n<div id=\"\" class=\"wp-block-news-slider margin-bottom-none\">\n  <div class=\"container-fluid bg-lightgray py-lg-8 py-6\">\n    <div class=\"header-wrapper container\">\n      <div class=\"row flex-row flex-wrap\">\n        <div class=\"col-12 col-lg-6\">\n          <div class=\"content-wrapper\">\n            <div class=\"content\">\n                                            <h2 class=\"h2 text-uppercase mb-5\">Weitere Neuigkeiten &#038; Whitepaper<\/h2>\n                          <\/div>\n          <\/div>\n        <\/div>\n        <div class=\"col-lg-6 d-none d-lg-grid link\">\n                      <a class=\"dewetron-btn mb-5\" href=\"https:\/\/www.dewetron.com\/de\/know-how-center\/newsroom\/\" target=\"\">\n          Alle News\n      <span><\/span>\n      <\/a>\n                  <\/div>\n      <\/div>\n      <div class=\"row news-wrapper\">\n        <div class=\"news-slider swiper\">\n          <div class=\"swiper-wrapper\">\n                          <div class=\"news-card swiper-slide col-lg-4 col-12 bg-light \">\n                <a class=\"\" href=\"https:\/\/www.dewetron.com\/de\/news\/eingangskanalspezifikationen\/\" target=\"\">\n          <picture>\n        <img decoding=\"async\"\n        class=\"img-fluid aspect-4-3\" size=\"full\"\n        src=\"https:\/\/www.dewetron.com\/app\/uploads\/2025\/06\/Header-input-specifications.jpg\"\n        alt=\"\"\n        title=\"\"\n        loading=\"lazy\"\n                    onerror=\"this.src = 'https:\/\/www.dewetron.com\/app\/themes\/dewetron\/public\/images\/fallback.8952c5.jpg'\"\n            >\n<\/picture>\n                  <div class=\"card-content p-2\">\n                    <span class=\"category d-inline-flex\">Whitepaper<\/span>\n                    <h5 class=\"mb-2 mt-4 text-uppercase\">\n                      7 Eingangskanalspezifikationen zur Bestimmung der Messgenauigkeit\n                    <\/h5>\n                                        <span class=\"read-more text-primary text-uppercase mt-4 d-block\">\n                      Mehr lesen\n                    <\/span>\n                  <\/div>\n      <span><\/span>\n      <\/a>\n              <\/div>\n                          <div class=\"news-card swiper-slide col-lg-4 col-12 bg-light \">\n                <a class=\"\" href=\"https:\/\/www.dewetron.com\/de\/news\/dewetron-unterstuetzt-historischen-nasa-mission-artemis-ii-launch\/\" target=\"\">\n          <picture>\n        <img decoding=\"async\"\n        class=\"img-fluid aspect-4-3\" size=\"full\"\n        src=\"https:\/\/www.dewetron.com\/app\/uploads\/2026\/04\/dewetron-nasa-artemisII-launch.jpg\"\n        alt=\"\"\n        title=\"\"\n        loading=\"lazy\"\n                    onerror=\"this.src = 'https:\/\/www.dewetron.com\/app\/themes\/dewetron\/public\/images\/fallback.8952c5.jpg'\"\n            >\n<\/picture>\n                  <div class=\"card-content p-2\">\n                    <span class=\"category d-inline-flex\">Generelle Infos<\/span>\n                    <h5 class=\"mb-2 mt-4 text-uppercase\">\n                      DEWETRON unterst\u00fctzt historischen NASA-Mission Artemis II Launch\n                    <\/h5>\n                                        <span class=\"read-more text-primary text-uppercase mt-4 d-block\">\n                      Mehr lesen\n                    <\/span>\n                  <\/div>\n      <span><\/span>\n      <\/a>\n              <\/div>\n                          <div class=\"news-card swiper-slide col-lg-4 col-12 bg-light \">\n                <a class=\"\" href=\"https:\/\/www.dewetron.com\/de\/news\/verteilte-messungen-mit-oxygen-net\/\" target=\"\">\n          <picture>\n        <img decoding=\"async\"\n        class=\"img-fluid aspect-4-3\" size=\"full\"\n        src=\"https:\/\/www.dewetron.com\/app\/uploads\/2026\/03\/OXYGEN-NET_Header.png\"\n        alt=\"\"\n        title=\"\"\n        loading=\"lazy\"\n                    onerror=\"this.src = 'https:\/\/www.dewetron.com\/app\/themes\/dewetron\/public\/images\/fallback.8952c5.jpg'\"\n            >\n<\/picture>\n                  <div class=\"card-content p-2\">\n                    <span class=\"category d-inline-flex\">Whitepaper<\/span>\n                    <h5 class=\"mb-2 mt-4 text-uppercase\">\n                      Verteilte Messungen mit OXYGEN-NET\n                    <\/h5>\n                                        <span class=\"read-more text-primary text-uppercase mt-4 d-block\">\n                      Mehr lesen\n                    <\/span>\n                  <\/div>\n      <span><\/span>\n      <\/a>\n              <\/div>\n                          <div class=\"news-card swiper-slide col-lg-4 col-12 bg-light \">\n                <a class=\"\" href=\"https:\/\/www.dewetron.com\/de\/news\/new-trion3-24xx-acc-lv-modules\/\" target=\"\">\n          <picture>\n        <img decoding=\"async\"\n        class=\"img-fluid aspect-4-3\" size=\"full\"\n        src=\"https:\/\/www.dewetron.com\/app\/uploads\/2026\/02\/TRION3-24xx_ACC-LV_header.jpg\"\n        alt=\"\"\n        title=\"\"\n        loading=\"lazy\"\n                    onerror=\"this.src = 'https:\/\/www.dewetron.com\/app\/themes\/dewetron\/public\/images\/fallback.8952c5.jpg'\"\n            >\n<\/picture>\n                  <div class=\"card-content p-2\">\n                    <span class=\"category d-inline-flex\">Hardware-Neuigkeiten<\/span>\n                    <h5 class=\"mb-2 mt-4 text-uppercase\">\n                      Isolierte Niederspannungs- &amp; IEPE-Datenerfassung mit unseren neuen TRION3-24xx-ACC\/LV-Modulen\n                    <\/h5>\n                                        <span class=\"read-more text-primary text-uppercase mt-4 d-block\">\n                      Mehr lesen\n                    <\/span>\n                  <\/div>\n      <span><\/span>\n      <\/a>\n              <\/div>\n                          <div class=\"news-card swiper-slide col-lg-4 col-12 bg-light \">\n                <a class=\"\" href=\"https:\/\/www.dewetron.com\/de\/news\/oxygen-8-major-release\/\" target=\"\">\n          <picture>\n        <img decoding=\"async\"\n        class=\"img-fluid aspect-4-3\" size=\"full\"\n        src=\"https:\/\/www.dewetron.com\/app\/uploads\/2026\/02\/header_oxygen_8.0.jpg\"\n        alt=\"\"\n        title=\"\"\n        loading=\"lazy\"\n                    onerror=\"this.src = 'https:\/\/www.dewetron.com\/app\/themes\/dewetron\/public\/images\/fallback.8952c5.jpg'\"\n            >\n<\/picture>\n                  <div class=\"card-content p-2\">\n                    <span class=\"category d-inline-flex\">Software-Info<\/span>\n                    <h5 class=\"mb-2 mt-4 text-uppercase\">\n                      OXYGEN 8.0 \u2013 Major Release mit erweiterter Konnektivit\u00e4t, Mobilit\u00e4t und Usability\n                    <\/h5>\n                                        <span class=\"read-more text-primary text-uppercase mt-4 d-block\">\n                      Mehr lesen\n                    <\/span>\n                  <\/div>\n      <span><\/span>\n      <\/a>\n              <\/div>\n                          <div class=\"news-card swiper-slide col-lg-4 col-12 bg-light \">\n                <a class=\"\" href=\"https:\/\/www.dewetron.com\/de\/news\/oxygen-go-app-for-mobile-devices\/\" target=\"\">\n          <picture>\n        <img decoding=\"async\"\n        class=\"img-fluid aspect-4-3\" size=\"full\"\n        src=\"https:\/\/www.dewetron.com\/app\/uploads\/2026\/02\/OXYGEN-Go-Easy-Connectivity-teststand.png\"\n        alt=\"\"\n        title=\"\"\n        loading=\"lazy\"\n                    onerror=\"this.src = 'https:\/\/www.dewetron.com\/app\/themes\/dewetron\/public\/images\/fallback.8952c5.jpg'\"\n            >\n<\/picture>\n                  <div class=\"card-content p-2\">\n                    <span class=\"category d-inline-flex\">Software-Info<\/span>\n                    <h5 class=\"mb-2 mt-4 text-uppercase\">\n                      OXYGEN-GO App f\u00fcr Ihr Mobilger\u00e4t\n                    <\/h5>\n                                        <span class=\"read-more text-primary text-uppercase mt-4 d-block\">\n                      Mehr lesen\n                    <\/span>\n                  <\/div>\n      <span><\/span>\n      <\/a>\n              <\/div>\n                          <div class=\"news-card swiper-slide col-lg-4 col-12 bg-light \">\n                <a class=\"\" href=\"https:\/\/www.dewetron.com\/de\/news\/automatisierter-mixer-testwagen\/\" target=\"\">\n          <picture>\n        <img decoding=\"async\"\n        class=\"img-fluid aspect-4-3\" size=\"full\"\n        src=\"https:\/\/www.dewetron.com\/app\/uploads\/2026\/01\/Automated-Blender-Tests.jpg\"\n        alt=\"\"\n        title=\"\"\n        loading=\"lazy\"\n                    onerror=\"this.src = 'https:\/\/www.dewetron.com\/app\/themes\/dewetron\/public\/images\/fallback.8952c5.jpg'\"\n            >\n<\/picture>\n                  <div class=\"card-content p-2\">\n                    <span class=\"category d-inline-flex\">Industrie-Neuigkeiten<\/span>\n                    <h5 class=\"mb-2 mt-4 text-uppercase\">\n                      Automatisierter Mixer-Testwagen\n                    <\/h5>\n                                        <span class=\"read-more text-primary text-uppercase mt-4 d-block\">\n                      Mehr lesen\n                    <\/span>\n                  <\/div>\n      <span><\/span>\n      <\/a>\n              <\/div>\n                          <div class=\"news-card swiper-slide col-lg-4 col-12 bg-light \">\n                <a class=\"\" href=\"https:\/\/www.dewetron.com\/de\/news\/frequenzanalyse-in-der-signalverarbeitung\/\" target=\"\">\n          <picture>\n        <img decoding=\"async\"\n        class=\"img-fluid aspect-4-3\" size=\"full\"\n        src=\"https:\/\/www.dewetron.com\/app\/uploads\/2026\/01\/One-Pager-Frequency-Analysis-Header.jpeg\"\n        alt=\"\"\n        title=\"\"\n        loading=\"lazy\"\n                    onerror=\"this.src = 'https:\/\/www.dewetron.com\/app\/themes\/dewetron\/public\/images\/fallback.8952c5.jpg'\"\n            >\n<\/picture>\n                  <div class=\"card-content p-2\">\n                    <span class=\"category d-inline-flex\">DAQ Wissenswertes<\/span>\n                    <h5 class=\"mb-2 mt-4 text-uppercase\">\n                      Frequenzanalyse in der Signalverarbeitung\n                    <\/h5>\n                                        <span class=\"read-more text-primary text-uppercase mt-4 d-block\">\n                      Mehr lesen\n                    <\/span>\n                  <\/div>\n      <span><\/span>\n      <\/a>\n              <\/div>\n                          <div class=\"news-card swiper-slide col-lg-4 col-12 bg-light \">\n                <a class=\"\" href=\"https:\/\/www.dewetron.com\/de\/news\/statistische-datenanalyse-in-oxygen\/\" target=\"\">\n          <picture>\n        <img decoding=\"async\"\n        class=\"img-fluid aspect-4-3\" size=\"full\"\n        src=\"https:\/\/www.dewetron.com\/app\/uploads\/2025\/12\/Header-statistical-data-analysis.jpeg\"\n        alt=\"\"\n        title=\"\"\n        loading=\"lazy\"\n                    onerror=\"this.src = 'https:\/\/www.dewetron.com\/app\/themes\/dewetron\/public\/images\/fallback.8952c5.jpg'\"\n            >\n<\/picture>\n                  <div class=\"card-content p-2\">\n                    <span class=\"category d-inline-flex\">DAQ Wissenswertes<\/span>\n                    <h5 class=\"mb-2 mt-4 text-uppercase\">\n                      Was ist statistische Datenanalyse?\n                    <\/h5>\n                                        <span class=\"read-more text-primary text-uppercase mt-4 d-block\">\n                      Mehr lesen\n                    <\/span>\n                  <\/div>\n      <span><\/span>\n      <\/a>\n              <\/div>\n                          <div class=\"news-card swiper-slide col-lg-4 col-12 bg-light \">\n                <a class=\"\" href=\"https:\/\/www.dewetron.com\/de\/news\/oxygen-7-7-intelligentere-datenerfassung-mit-neuen-funktionen-und-verbesserungen\/\" target=\"\">\n          <picture>\n        <img decoding=\"async\"\n        class=\"img-fluid aspect-4-3\" size=\"full\"\n        src=\"https:\/\/www.dewetron.com\/app\/uploads\/2025\/11\/header_oxygen_7.7.jpg\"\n        alt=\"\"\n        title=\"\"\n        loading=\"lazy\"\n                    onerror=\"this.src = 'https:\/\/www.dewetron.com\/app\/themes\/dewetron\/public\/images\/fallback.8952c5.jpg'\"\n            >\n<\/picture>\n                  <div class=\"card-content p-2\">\n                    <span class=\"category d-inline-flex\">Software-Info<\/span>\n                    <h5 class=\"mb-2 mt-4 text-uppercase\">\n                      OXYGEN 7.7 &#8211; Intelligentere Datenerfassung mit neuen Funktionen und Verbesserungen\n                    <\/h5>\n                                        <span class=\"read-more text-primary text-uppercase mt-4 d-block\">\n                      Mehr lesen\n                    <\/span>\n                  <\/div>\n      <span><\/span>\n      <\/a>\n              <\/div>\n                      <\/div>\n        <\/div>\n        <div class=\"swiper-button-custom swiper-button-prev-custom p-0\">\n            <svg width=\"89\" height=\"103\" viewBox=\"0 0 89 103\" fill=\"none\" xmlns=\"http:\/\/www.w3.org\/2000\/svg\">\n<path d=\"M0 58.8001V44.2001L88.6 0.600098V17.8001L17.4 51.6001L88.6 85.2001V102.4L0 58.8001Z\" fill=\"#D4D4D4\"\/>\n<\/svg>        <\/div>\n        <div class=\"swiper-button-custom swiper-button-next-custom p-0\">\n            <svg width=\"89\" height=\"103\" viewBox=\"0 0 89 103\" fill=\"none\" xmlns=\"http:\/\/www.w3.org\/2000\/svg\">\n<path d=\"M88.6 44.2001V58.8001L0 102.4V85.2001L71.2 51.4001L0 17.8001V0.600098L88.6 44.2001Z\" fill=\"#D4D4D4\"\/>\n<\/svg>        <\/div>\n      <\/div>\n      <div class=\"col-12 d-lg-none d-grid link text-cente mt-8\">\n                <a class=\"dewetron-btn\" href=\"https:\/\/www.dewetron.com\/de\/know-how-center\/newsroom\/\" target=\"\">\n          Alle News\n      <span><\/span>\n      <\/a>\n              <\/div>\n    <\/div>\n  <\/div>\n<\/div>\n","protected":false},"excerpt":{"rendered":"<p>Wir sind begeistert: DEWETRON erhielt unter 45 anderen Kandidaten den steirischen Exportpreis f\u00fcr mittelst\u00e4ndische Unternehmen.<\/p>\n","protected":false},"author":2,"featured_media":41975,"comment_status":"open","ping_status":"open","sticky":false,"template":"","format":"standard","meta":{"_acf_changed":false,"footnotes":""},"categories":[317],"tags":[],"class_list":["post-54258","post","type-post","status-publish","format-standard","has-post-thumbnail","hentry","category-allgemeine-information"],"acf":[],"yoast_head":"<!-- This site is optimized with the Yoast SEO Premium plugin v23.9 (Yoast SEO v27.2) - https:\/\/yoast.com\/product\/yoast-seo-premium-wordpress\/ -->\n<title>... und der steirische Exportpreis geht an: DEWETRON! - DEWETRON<\/title>\n<meta name=\"description\" content=\"Wir sind begeistert: DEWETRON erhielt unter 45 anderen Kandidaten den steirischen Exportpreis f\u00fcr mittelst\u00e4ndische Unternehmen.\" \/>\n<meta name=\"robots\" content=\"index, follow, max-snippet:-1, max-image-preview:large, max-video-preview:-1\" \/>\n<link rel=\"canonical\" href=\"https:\/\/www.dewetron.com\/de\/news\/dewetron-wins-styrian-export-award\/\" \/>\n<meta property=\"og:locale\" content=\"de_DE\" \/>\n<meta property=\"og:type\" content=\"article\" \/>\n<meta property=\"og:title\" content=\"... und der steirische Exportpreis geht an: DEWETRON!\" \/>\n<meta property=\"og:description\" content=\"Wir sind begeistert: DEWETRON erhielt unter 45 anderen Kandidaten den steirischen Exportpreis f\u00fcr mittelst\u00e4ndische Unternehmen.\" \/>\n<meta property=\"og:url\" content=\"https:\/\/www.dewetron.com\/de\/news\/dewetron-wins-styrian-export-award\/\" \/>\n<meta property=\"og:site_name\" content=\"DEWETRON\" \/>\n<meta property=\"article:publisher\" content=\"https:\/\/www.facebook.com\/dewetron.gmbh\" \/>\n<meta property=\"article:published_time\" content=\"2017-11-21T12:32:04+00:00\" \/>\n<meta property=\"article:modified_time\" content=\"2025-03-03T18:02:00+00:00\" \/>\n<meta property=\"og:image\" content=\"https:\/\/www.dewetron.com\/app\/uploads\/2024\/10\/header_steirischer-exportpreis.jpg\" \/>\n\t<meta property=\"og:image:width\" content=\"880\" \/>\n\t<meta property=\"og:image:height\" content=\"587\" \/>\n\t<meta property=\"og:image:type\" content=\"image\/jpeg\" \/>\n<meta name=\"author\" content=\"Bettina Dunst\" \/>\n<meta name=\"twitter:card\" content=\"summary_large_image\" \/>\n<meta name=\"twitter:label1\" content=\"Written by\" \/>\n\t<meta name=\"twitter:data1\" content=\"Bettina Dunst\" \/>\n\t<meta name=\"twitter:label2\" content=\"Est. reading time\" \/>\n\t<meta name=\"twitter:data2\" content=\"1 minute\" \/>\n<script type=\"application\/ld+json\" class=\"yoast-schema-graph\">{\"@context\":\"https:\/\/schema.org\",\"@graph\":[{\"@type\":\"Article\",\"@id\":\"https:\/\/www.dewetron.com\/de\/news\/dewetron-wins-styrian-export-award\/#article\",\"isPartOf\":{\"@id\":\"https:\/\/www.dewetron.com\/de\/news\/dewetron-wins-styrian-export-award\/\"},\"author\":{\"name\":\"Bettina Dunst\",\"@id\":\"https:\/\/www.dewetron.com\/de\/#\/schema\/person\/8f0457a73abffb512203296cd2a59159\"},\"headline\":\"&#8230; und der steirische Exportpreis geht an: DEWETRON!\",\"datePublished\":\"2017-11-21T12:32:04+00:00\",\"dateModified\":\"2025-03-03T18:02:00+00:00\",\"mainEntityOfPage\":{\"@id\":\"https:\/\/www.dewetron.com\/de\/news\/dewetron-wins-styrian-export-award\/\"},\"wordCount\":7,\"commentCount\":0,\"publisher\":{\"@id\":\"https:\/\/www.dewetron.com\/de\/#organization\"},\"image\":{\"@id\":\"https:\/\/www.dewetron.com\/de\/news\/dewetron-wins-styrian-export-award\/#primaryimage\"},\"thumbnailUrl\":\"https:\/\/www.dewetron.com\/app\/uploads\/2024\/10\/header_steirischer-exportpreis.jpg\",\"articleSection\":[\"Generelle Infos\"],\"inLanguage\":\"de-DE\",\"potentialAction\":[{\"@type\":\"CommentAction\",\"name\":\"Comment\",\"target\":[\"https:\/\/www.dewetron.com\/de\/news\/dewetron-wins-styrian-export-award\/#respond\"]}]},{\"@type\":\"WebPage\",\"@id\":\"https:\/\/www.dewetron.com\/de\/news\/dewetron-wins-styrian-export-award\/\",\"url\":\"https:\/\/www.dewetron.com\/de\/news\/dewetron-wins-styrian-export-award\/\",\"name\":\"... und der steirische Exportpreis geht an: DEWETRON! - DEWETRON\",\"isPartOf\":{\"@id\":\"https:\/\/www.dewetron.com\/de\/#website\"},\"primaryImageOfPage\":{\"@id\":\"https:\/\/www.dewetron.com\/de\/news\/dewetron-wins-styrian-export-award\/#primaryimage\"},\"image\":{\"@id\":\"https:\/\/www.dewetron.com\/de\/news\/dewetron-wins-styrian-export-award\/#primaryimage\"},\"thumbnailUrl\":\"https:\/\/www.dewetron.com\/app\/uploads\/2024\/10\/header_steirischer-exportpreis.jpg\",\"datePublished\":\"2017-11-21T12:32:04+00:00\",\"dateModified\":\"2025-03-03T18:02:00+00:00\",\"description\":\"Wir sind begeistert: DEWETRON erhielt unter 45 anderen Kandidaten den steirischen Exportpreis f\u00fcr mittelst\u00e4ndische Unternehmen.\",\"breadcrumb\":{\"@id\":\"https:\/\/www.dewetron.com\/de\/news\/dewetron-wins-styrian-export-award\/#breadcrumb\"},\"inLanguage\":\"de-DE\",\"potentialAction\":[{\"@type\":\"ReadAction\",\"target\":[\"https:\/\/www.dewetron.com\/de\/news\/dewetron-wins-styrian-export-award\/\"]}]},{\"@type\":\"ImageObject\",\"inLanguage\":\"de-DE\",\"@id\":\"https:\/\/www.dewetron.com\/de\/news\/dewetron-wins-styrian-export-award\/#primaryimage\",\"url\":\"https:\/\/www.dewetron.com\/app\/uploads\/2024\/10\/header_steirischer-exportpreis.jpg\",\"contentUrl\":\"https:\/\/www.dewetron.com\/app\/uploads\/2024\/10\/header_steirischer-exportpreis.jpg\",\"width\":880,\"height\":587},{\"@type\":\"BreadcrumbList\",\"@id\":\"https:\/\/www.dewetron.com\/de\/news\/dewetron-wins-styrian-export-award\/#breadcrumb\",\"itemListElement\":[{\"@type\":\"ListItem\",\"position\":1,\"name\":\"Home\",\"item\":\"https:\/\/www.dewetron.com\/de\/\"},{\"@type\":\"ListItem\",\"position\":2,\"name\":\"&#8230; und der steirische Exportpreis geht an: DEWETRON!\"}]},{\"@type\":\"WebSite\",\"@id\":\"https:\/\/www.dewetron.com\/de\/#website\",\"url\":\"https:\/\/www.dewetron.com\/de\/\",\"name\":\"DEWETRON\",\"description\":\"\",\"publisher\":{\"@id\":\"https:\/\/www.dewetron.com\/de\/#organization\"},\"potentialAction\":[{\"@type\":\"SearchAction\",\"target\":{\"@type\":\"EntryPoint\",\"urlTemplate\":\"https:\/\/www.dewetron.com\/de\/?s={search_term_string}\"},\"query-input\":{\"@type\":\"PropertyValueSpecification\",\"valueRequired\":true,\"valueName\":\"search_term_string\"}}],\"inLanguage\":\"de-DE\"},{\"@type\":\"Organization\",\"@id\":\"https:\/\/www.dewetron.com\/de\/#organization\",\"name\":\"DEWETRON\",\"url\":\"https:\/\/www.dewetron.com\/de\/\",\"logo\":{\"@type\":\"ImageObject\",\"inLanguage\":\"de-DE\",\"@id\":\"https:\/\/www.dewetron.com\/de\/#\/schema\/logo\/image\/\",\"url\":\"https:\/\/www.dewetron.com\/app\/uploads\/2024\/08\/DEWETRON-logo-text-and-image.png\",\"contentUrl\":\"https:\/\/www.dewetron.com\/app\/uploads\/2024\/08\/DEWETRON-logo-text-and-image.png\",\"width\":900,\"height\":979,\"caption\":\"DEWETRON\"},\"image\":{\"@id\":\"https:\/\/www.dewetron.com\/de\/#\/schema\/logo\/image\/\"},\"sameAs\":[\"https:\/\/www.facebook.com\/dewetron.gmbh\",\"https:\/\/www.linkedin.com\/company\/dewetron\/\",\"https:\/\/www.instagram.com\/wearedewetron\/\",\"https:\/\/www.youtube.com\/channel\/UCE76NeVVgWF65etH8E1bOog\"]},{\"@type\":\"Person\",\"@id\":\"https:\/\/www.dewetron.com\/de\/#\/schema\/person\/8f0457a73abffb512203296cd2a59159\",\"name\":\"Bettina Dunst\",\"image\":{\"@type\":\"ImageObject\",\"inLanguage\":\"de-DE\",\"@id\":\"https:\/\/secure.gravatar.com\/avatar\/bf0df50dc5d25d9ea432c4399e038ca4e0ebeaae9b9c18bd51f6939f36a5a0eb?s=96&d=mm&r=g\",\"url\":\"https:\/\/secure.gravatar.com\/avatar\/bf0df50dc5d25d9ea432c4399e038ca4e0ebeaae9b9c18bd51f6939f36a5a0eb?s=96&d=mm&r=g\",\"contentUrl\":\"https:\/\/secure.gravatar.com\/avatar\/bf0df50dc5d25d9ea432c4399e038ca4e0ebeaae9b9c18bd51f6939f36a5a0eb?s=96&d=mm&r=g\",\"caption\":\"Bettina Dunst\"},\"url\":\"https:\/\/www.dewetron.com\/de\/news\/author\/bettina-dunst\/\"}]}<\/script>\n<!-- \/ Yoast SEO Premium plugin. -->","yoast_head_json":{"title":"... und der steirische Exportpreis geht an: DEWETRON! - DEWETRON","description":"Wir sind begeistert: DEWETRON erhielt unter 45 anderen Kandidaten den steirischen Exportpreis f\u00fcr mittelst\u00e4ndische Unternehmen.","robots":{"index":"index","follow":"follow","max-snippet":"max-snippet:-1","max-image-preview":"max-image-preview:large","max-video-preview":"max-video-preview:-1"},"canonical":"https:\/\/www.dewetron.com\/de\/news\/dewetron-wins-styrian-export-award\/","og_locale":"de_DE","og_type":"article","og_title":"... und der steirische Exportpreis geht an: DEWETRON!","og_description":"Wir sind begeistert: DEWETRON erhielt unter 45 anderen Kandidaten den steirischen Exportpreis f\u00fcr mittelst\u00e4ndische Unternehmen.","og_url":"https:\/\/www.dewetron.com\/de\/news\/dewetron-wins-styrian-export-award\/","og_site_name":"DEWETRON","article_publisher":"https:\/\/www.facebook.com\/dewetron.gmbh","article_published_time":"2017-11-21T12:32:04+00:00","article_modified_time":"2025-03-03T18:02:00+00:00","og_image":[{"width":880,"height":587,"url":"https:\/\/www.dewetron.com\/app\/uploads\/2024\/10\/header_steirischer-exportpreis.jpg","type":"image\/jpeg"}],"author":"Bettina Dunst","twitter_card":"summary_large_image","twitter_misc":{"Written by":"Bettina Dunst","Est. reading time":"1 minute"},"schema":{"@context":"https:\/\/schema.org","@graph":[{"@type":"Article","@id":"https:\/\/www.dewetron.com\/de\/news\/dewetron-wins-styrian-export-award\/#article","isPartOf":{"@id":"https:\/\/www.dewetron.com\/de\/news\/dewetron-wins-styrian-export-award\/"},"author":{"name":"Bettina Dunst","@id":"https:\/\/www.dewetron.com\/de\/#\/schema\/person\/8f0457a73abffb512203296cd2a59159"},"headline":"&#8230; und der steirische Exportpreis geht an: DEWETRON!","datePublished":"2017-11-21T12:32:04+00:00","dateModified":"2025-03-03T18:02:00+00:00","mainEntityOfPage":{"@id":"https:\/\/www.dewetron.com\/de\/news\/dewetron-wins-styrian-export-award\/"},"wordCount":7,"commentCount":0,"publisher":{"@id":"https:\/\/www.dewetron.com\/de\/#organization"},"image":{"@id":"https:\/\/www.dewetron.com\/de\/news\/dewetron-wins-styrian-export-award\/#primaryimage"},"thumbnailUrl":"https:\/\/www.dewetron.com\/app\/uploads\/2024\/10\/header_steirischer-exportpreis.jpg","articleSection":["Generelle Infos"],"inLanguage":"de-DE","potentialAction":[{"@type":"CommentAction","name":"Comment","target":["https:\/\/www.dewetron.com\/de\/news\/dewetron-wins-styrian-export-award\/#respond"]}]},{"@type":"WebPage","@id":"https:\/\/www.dewetron.com\/de\/news\/dewetron-wins-styrian-export-award\/","url":"https:\/\/www.dewetron.com\/de\/news\/dewetron-wins-styrian-export-award\/","name":"... und der steirische Exportpreis geht an: DEWETRON! - DEWETRON","isPartOf":{"@id":"https:\/\/www.dewetron.com\/de\/#website"},"primaryImageOfPage":{"@id":"https:\/\/www.dewetron.com\/de\/news\/dewetron-wins-styrian-export-award\/#primaryimage"},"image":{"@id":"https:\/\/www.dewetron.com\/de\/news\/dewetron-wins-styrian-export-award\/#primaryimage"},"thumbnailUrl":"https:\/\/www.dewetron.com\/app\/uploads\/2024\/10\/header_steirischer-exportpreis.jpg","datePublished":"2017-11-21T12:32:04+00:00","dateModified":"2025-03-03T18:02:00+00:00","description":"Wir sind begeistert: DEWETRON erhielt unter 45 anderen Kandidaten den steirischen Exportpreis f\u00fcr mittelst\u00e4ndische Unternehmen.","breadcrumb":{"@id":"https:\/\/www.dewetron.com\/de\/news\/dewetron-wins-styrian-export-award\/#breadcrumb"},"inLanguage":"de-DE","potentialAction":[{"@type":"ReadAction","target":["https:\/\/www.dewetron.com\/de\/news\/dewetron-wins-styrian-export-award\/"]}]},{"@type":"ImageObject","inLanguage":"de-DE","@id":"https:\/\/www.dewetron.com\/de\/news\/dewetron-wins-styrian-export-award\/#primaryimage","url":"https:\/\/www.dewetron.com\/app\/uploads\/2024\/10\/header_steirischer-exportpreis.jpg","contentUrl":"https:\/\/www.dewetron.com\/app\/uploads\/2024\/10\/header_steirischer-exportpreis.jpg","width":880,"height":587},{"@type":"BreadcrumbList","@id":"https:\/\/www.dewetron.com\/de\/news\/dewetron-wins-styrian-export-award\/#breadcrumb","itemListElement":[{"@type":"ListItem","position":1,"name":"Home","item":"https:\/\/www.dewetron.com\/de\/"},{"@type":"ListItem","position":2,"name":"&#8230; und der steirische Exportpreis geht an: DEWETRON!"}]},{"@type":"WebSite","@id":"https:\/\/www.dewetron.com\/de\/#website","url":"https:\/\/www.dewetron.com\/de\/","name":"DEWETRON","description":"","publisher":{"@id":"https:\/\/www.dewetron.com\/de\/#organization"},"potentialAction":[{"@type":"SearchAction","target":{"@type":"EntryPoint","urlTemplate":"https:\/\/www.dewetron.com\/de\/?s={search_term_string}"},"query-input":{"@type":"PropertyValueSpecification","valueRequired":true,"valueName":"search_term_string"}}],"inLanguage":"de-DE"},{"@type":"Organization","@id":"https:\/\/www.dewetron.com\/de\/#organization","name":"DEWETRON","url":"https:\/\/www.dewetron.com\/de\/","logo":{"@type":"ImageObject","inLanguage":"de-DE","@id":"https:\/\/www.dewetron.com\/de\/#\/schema\/logo\/image\/","url":"https:\/\/www.dewetron.com\/app\/uploads\/2024\/08\/DEWETRON-logo-text-and-image.png","contentUrl":"https:\/\/www.dewetron.com\/app\/uploads\/2024\/08\/DEWETRON-logo-text-and-image.png","width":900,"height":979,"caption":"DEWETRON"},"image":{"@id":"https:\/\/www.dewetron.com\/de\/#\/schema\/logo\/image\/"},"sameAs":["https:\/\/www.facebook.com\/dewetron.gmbh","https:\/\/www.linkedin.com\/company\/dewetron\/","https:\/\/www.instagram.com\/wearedewetron\/","https:\/\/www.youtube.com\/channel\/UCE76NeVVgWF65etH8E1bOog"]},{"@type":"Person","@id":"https:\/\/www.dewetron.com\/de\/#\/schema\/person\/8f0457a73abffb512203296cd2a59159","name":"Bettina Dunst","image":{"@type":"ImageObject","inLanguage":"de-DE","@id":"https:\/\/secure.gravatar.com\/avatar\/bf0df50dc5d25d9ea432c4399e038ca4e0ebeaae9b9c18bd51f6939f36a5a0eb?s=96&d=mm&r=g","url":"https:\/\/secure.gravatar.com\/avatar\/bf0df50dc5d25d9ea432c4399e038ca4e0ebeaae9b9c18bd51f6939f36a5a0eb?s=96&d=mm&r=g","contentUrl":"https:\/\/secure.gravatar.com\/avatar\/bf0df50dc5d25d9ea432c4399e038ca4e0ebeaae9b9c18bd51f6939f36a5a0eb?s=96&d=mm&r=g","caption":"Bettina Dunst"},"url":"https:\/\/www.dewetron.com\/de\/news\/author\/bettina-dunst\/"}]}},"_links":{"self":[{"href":"https:\/\/www.dewetron.com\/de\/wp-json\/wp\/v2\/posts\/54258","targetHints":{"allow":["GET"]}}],"collection":[{"href":"https:\/\/www.dewetron.com\/de\/wp-json\/wp\/v2\/posts"}],"about":[{"href":"https:\/\/www.dewetron.com\/de\/wp-json\/wp\/v2\/types\/post"}],"author":[{"embeddable":true,"href":"https:\/\/www.dewetron.com\/de\/wp-json\/wp\/v2\/users\/2"}],"replies":[{"embeddable":true,"href":"https:\/\/www.dewetron.com\/de\/wp-json\/wp\/v2\/comments?post=54258"}],"version-history":[{"count":3,"href":"https:\/\/www.dewetron.com\/de\/wp-json\/wp\/v2\/posts\/54258\/revisions"}],"predecessor-version":[{"id":56507,"href":"https:\/\/www.dewetron.com\/de\/wp-json\/wp\/v2\/posts\/54258\/revisions\/56507"}],"wp:featuredmedia":[{"embeddable":true,"href":"https:\/\/www.dewetron.com\/de\/wp-json\/wp\/v2\/media\/41975"}],"wp:attachment":[{"href":"https:\/\/www.dewetron.com\/de\/wp-json\/wp\/v2\/media?parent=54258"}],"wp:term":[{"taxonomy":"category","embeddable":true,"href":"https:\/\/www.dewetron.com\/de\/wp-json\/wp\/v2\/categories?post=54258"},{"taxonomy":"post_tag","embeddable":true,"href":"https:\/\/www.dewetron.com\/de\/wp-json\/wp\/v2\/tags?post=54258"}],"curies":[{"name":"wp","href":"https:\/\/api.w.org\/{rel}","templated":true}]}}