{"id":47501,"date":"2024-06-06T07:13:06","date_gmt":"2024-06-06T07:13:06","guid":{"rendered":"https:\/\/www.dewetron.com\/news\/white-paper-monitoring-ev-charging-cycles\/"},"modified":"2025-02-03T08:48:21","modified_gmt":"2025-02-03T08:48:21","slug":"white-paper-monitoring-ev-charging-cycles","status":"publish","type":"post","link":"https:\/\/www.dewetron.com\/de\/news\/white-paper-monitoring-ev-charging-cycles\/","title":{"rendered":"\u00dcberwachung von EV-Ladezyklen"},"content":{"rendered":"<div id=\"\" class=\"wp-block-text-columns margin-bottom-none\n      \">\n  <div class=\"container\">\n    <div class=\"row justify-content-center\">\n              <div class=\"col-12\">\n          <h2>INHALT<\/h2>\n          <div class=\"content-size-normal\">\n            <p>Die globale Umstellung auf nachhaltige Energie nimmt Fahrt auf, und Elektrofahrzeuge (EVs) stehen dabei an vorderster Front. Mit der steigenden Verbreitung von EVs wird eine robuste und effiziente Ladeinfrastruktur immer wichtiger. Dieses Whitepaper beleuchtet den aktuellen Stand der EV-Ladetechnologie, ihre Herausforderungen und zuk\u00fcnftige Innovationen.<\/p>\n<p>EVs tragen dazu bei, Treibhausgasemissionen zu reduzieren, die Abh\u00e4ngigkeit von fossilen Brennstoffen zu verringern und die Luftqualit\u00e4t zu verbessern. Damit sie sich jedoch fl\u00e4chendeckend durchsetzen k\u00f6nnen, ist eine zug\u00e4ngliche Ladeinfrastruktur erforderlich \u2013 sowohl im \u00f6ffentlichen als auch im privaten Bereich. Eine effektive Ladeinfrastruktur ist entscheidend f\u00fcr eine nachhaltige Zukunft. In diesem Whitepaper werden die Herausforderungen der EV-Ladetechnologie untersucht, mit einem besonderen Fokus auf die Unterschiede zwischen AC- und DC-Systemen, deren Vorteile, Herausforderungen und Rolle im EV-\u00d6kosystem.<\/p>\n<p>DEWETRON, ein f\u00fchrender Anbieter von hochpr\u00e4zisen Pr\u00fcf- und Messsystemen, liefert L\u00f6sungen f\u00fcr verschiedene Branchen. In diesem Whitepaper wird auch ein Test mit DEWETRON-Hardware vorgestellt, der best\u00e4tigt, dass der gemessene Strom mit dem Duty Cycle des Kontrollpiloten \u00fcbereinstimmt.<\/p>\n<p>&nbsp;<\/p>\n<p><em>WICHTIGE INFO: Das Whitepaper ist nur in Englisch verf\u00fcgbar.<\/em><\/p>\n<p>&nbsp;<\/p>\n\n          <\/div>\n        <\/div>\n          <\/div>\n  <\/div>\n<\/div>\n\n\n<div id=\"\" class=\"wp-block-claim-links-gray margin-bottom-none\">\n  <div class=\"container-fluid bg-container py-7 bg-darkgray\">\n    <div class=\"container position-relative\">\n      <div class=\"claim col-12 col-lg-8 offset-lg-2 text-center text-light\">\n                  <h3 class=\"h3 text-uppercase\">WHITEPAPER DOWNLOADEN<\/h3>\n                                  <div class=\"link-button d-flex flex-wrap mt-4 justify-content-center gap-4\">\n                          <a class=\"dewetron-btn\" href=\"https:\/\/content.dewetron.cloud\/white-paper-monitoring-ev-charging-cycles\/\" target=\"_blank\">\n          \n      <span>JETZT DOWNLOADEN<\/span>\n      <\/a>\n                                              <\/div>\n              <\/div>\n    <\/div>\n    <div class=\"triangle-left\">\n      <svg width=\"473\" height=\"469\" viewBox=\"0 0 473 469\" fill=\"none\" xmlns=\"http:\/\/www.w3.org\/2000\/svg\">\n<path d=\"M323.984 352.833H79.0486L13.0728 467.099V468.52H390.784L323.984 352.833Z\" fill=\"#B0B0AF\"\/>\n<path d=\"M134.967 0L-68 351.55L-2.02418 465.84L-0.810036 466.55L268.545 0H134.967Z\" fill=\"#B0B0AF\"\/>\n<path d=\"M472.154 352.833L275.853 12.8511L209.053 128.515L405.354 468.52L472.154 352.833Z\" fill=\"#B0B0AF\"\/>\n<\/svg>    <\/div>\n    <div class=\"triangle-right\">\n      <svg width=\"462\" height=\"644\" viewBox=\"0 0 462 644\" fill=\"none\" xmlns=\"http:\/\/www.w3.org\/2000\/svg\">\n<path d=\"M538.396 484.622H201.974L111.355 641.569V643.52H630.148L538.396 484.622Z\" fill=\"#B0B0AF\"\/>\n<path d=\"M278.779 0L0 482.86L90.6189 639.839L92.2865 640.814L462.251 0H278.779Z\" fill=\"#B0B0AF\"\/>\n<path d=\"M741.911 484.622L472.288 17.6514L380.537 176.518L650.159 643.52L741.911 484.622Z\" fill=\"#B0B0AF\"\/>\n<\/svg>    <\/div>\n  <\/div>\n<\/div>\n\n\n<div id=\"\" class=\"wp-block-news-slider margin-bottom-none\">\n  <div class=\"container-fluid bg-lightgray py-lg-8 py-6\">\n    <div class=\"header-wrapper container\">\n      <div class=\"row flex-row flex-wrap\">\n        <div class=\"col-12 col-lg-6\">\n          <div class=\"content-wrapper\">\n            <div class=\"content\">\n                                            <h2 class=\"h2 text-uppercase mb-5\">Weitere Neuigkeiten &#038; Whitepaper<\/h2>\n                          <\/div>\n          <\/div>\n        <\/div>\n        <div class=\"col-lg-6 d-none d-lg-grid link\">\n                      <a class=\"dewetron-btn mb-5\" href=\"https:\/\/www.dewetron.com\/de\/know-how-center\/newsroom\/\" target=\"\">\n          Alle News\n      <span><\/span>\n      <\/a>\n                  <\/div>\n      <\/div>\n      <div class=\"row news-wrapper\">\n        <div class=\"news-slider swiper\">\n          <div class=\"swiper-wrapper\">\n                          <div class=\"news-card swiper-slide col-lg-4 col-12 bg-light \">\n                <a class=\"\" href=\"https:\/\/www.dewetron.com\/de\/news\/batterien-ein-uberblick\/\" target=\"\">\n          <picture>\n        <img decoding=\"async\"\n        class=\"img-fluid aspect-4-3\" size=\"full\"\n        src=\"https:\/\/www.dewetron.com\/app\/uploads\/2024\/10\/header-batteries.jpg\"\n        alt=\"\"\n        title=\"\"\n        loading=\"lazy\"\n                    onerror=\"this.src = 'https:\/\/www.dewetron.com\/app\/themes\/dewetron\/public\/images\/fallback.8952c5.jpg'\"\n            >\n<\/picture>\n                  <div class=\"card-content p-2\">\n                    <span class=\"category d-inline-flex\">DAQ Wissenswertes<\/span>\n                    <h5 class=\"mb-2 mt-4 text-uppercase\">\n                      Was Sie \u00fcber Batterien wissen sollten\n                    <\/h5>\n                                        <span class=\"read-more text-primary text-uppercase mt-4 d-block\">\n                      Mehr lesen\n                    <\/span>\n                  <\/div>\n      <span><\/span>\n      <\/a>\n              <\/div>\n                          <div class=\"news-card swiper-slide col-lg-4 col-12 bg-light \">\n                <a class=\"\" href=\"https:\/\/www.dewetron.com\/de\/news\/dewetrons-power-analyzer\/\" target=\"\">\n          <picture>\n        <img decoding=\"async\"\n        class=\"img-fluid aspect-4-3\" size=\"full\"\n        src=\"https:\/\/www.dewetron.com\/app\/uploads\/2024\/08\/header_power-analyzer-comparison_pa-2.jpg\"\n        alt=\"\"\n        title=\"\"\n        loading=\"lazy\"\n                    onerror=\"this.src = 'https:\/\/www.dewetron.com\/app\/themes\/dewetron\/public\/images\/fallback.8952c5.jpg'\"\n            >\n<\/picture>\n                  <div class=\"card-content p-2\">\n                    <span class=\"category d-inline-flex\">Hardware-Neuigkeiten<\/span>\n                    <h5 class=\"mb-2 mt-4 text-uppercase\">\n                      DEWETRON&#8217;s Power Analyzer im Vergleich: Was sind die Unterschiede?\n                    <\/h5>\n                                        <span class=\"read-more text-primary text-uppercase mt-4 d-block\">\n                      Mehr lesen\n                    <\/span>\n                  <\/div>\n      <span><\/span>\n      <\/a>\n              <\/div>\n                          <div class=\"news-card swiper-slide col-lg-4 col-12 bg-light \">\n                <a class=\"\" href=\"https:\/\/www.dewetron.com\/de\/news\/eingangskanalspezifikationen\/\" target=\"\">\n          <picture>\n        <img decoding=\"async\"\n        class=\"img-fluid aspect-4-3\" size=\"full\"\n        src=\"https:\/\/www.dewetron.com\/app\/uploads\/2025\/06\/Header-input-specifications.jpg\"\n        alt=\"\"\n        title=\"\"\n        loading=\"lazy\"\n                    onerror=\"this.src = 'https:\/\/www.dewetron.com\/app\/themes\/dewetron\/public\/images\/fallback.8952c5.jpg'\"\n            >\n<\/picture>\n                  <div class=\"card-content p-2\">\n                    <span class=\"category d-inline-flex\">Whitepaper<\/span>\n                    <h5 class=\"mb-2 mt-4 text-uppercase\">\n                      7 Eingangskanalspezifikationen zur Bestimmung der Messgenauigkeit\n                    <\/h5>\n                                        <span class=\"read-more text-primary text-uppercase mt-4 d-block\">\n                      Mehr lesen\n                    <\/span>\n                  <\/div>\n      <span><\/span>\n      <\/a>\n              <\/div>\n                          <div class=\"news-card swiper-slide col-lg-4 col-12 bg-light \">\n                <a class=\"\" href=\"https:\/\/www.dewetron.com\/de\/news\/dewetron-unterstuetzt-historischen-nasa-mission-artemis-ii-launch\/\" target=\"\">\n          <picture>\n        <img decoding=\"async\"\n        class=\"img-fluid aspect-4-3\" size=\"full\"\n        src=\"https:\/\/www.dewetron.com\/app\/uploads\/2026\/04\/dewetron-nasa-artemisII-launch.jpg\"\n        alt=\"\"\n        title=\"\"\n        loading=\"lazy\"\n                    onerror=\"this.src = 'https:\/\/www.dewetron.com\/app\/themes\/dewetron\/public\/images\/fallback.8952c5.jpg'\"\n            >\n<\/picture>\n                  <div class=\"card-content p-2\">\n                    <span class=\"category d-inline-flex\">Generelle Infos<\/span>\n                    <h5 class=\"mb-2 mt-4 text-uppercase\">\n                      DEWETRON unterst\u00fctzt historischen NASA-Mission Artemis II Launch\n                    <\/h5>\n                                        <span class=\"read-more text-primary text-uppercase mt-4 d-block\">\n                      Mehr lesen\n                    <\/span>\n                  <\/div>\n      <span><\/span>\n      <\/a>\n              <\/div>\n                          <div class=\"news-card swiper-slide col-lg-4 col-12 bg-light \">\n                <a class=\"\" href=\"https:\/\/www.dewetron.com\/de\/news\/verteilte-messungen-mit-oxygen-net\/\" target=\"\">\n          <picture>\n        <img decoding=\"async\"\n        class=\"img-fluid aspect-4-3\" size=\"full\"\n        src=\"https:\/\/www.dewetron.com\/app\/uploads\/2026\/03\/OXYGEN-NET_Header.png\"\n        alt=\"\"\n        title=\"\"\n        loading=\"lazy\"\n                    onerror=\"this.src = 'https:\/\/www.dewetron.com\/app\/themes\/dewetron\/public\/images\/fallback.8952c5.jpg'\"\n            >\n<\/picture>\n                  <div class=\"card-content p-2\">\n                    <span class=\"category d-inline-flex\">Whitepaper<\/span>\n                    <h5 class=\"mb-2 mt-4 text-uppercase\">\n                      Verteilte Messungen mit OXYGEN-NET\n                    <\/h5>\n                                        <span class=\"read-more text-primary text-uppercase mt-4 d-block\">\n                      Mehr lesen\n                    <\/span>\n                  <\/div>\n      <span><\/span>\n      <\/a>\n              <\/div>\n                          <div class=\"news-card swiper-slide col-lg-4 col-12 bg-light \">\n                <a class=\"\" href=\"https:\/\/www.dewetron.com\/de\/news\/new-trion3-24xx-acc-lv-modules\/\" target=\"\">\n          <picture>\n        <img decoding=\"async\"\n        class=\"img-fluid aspect-4-3\" size=\"full\"\n        src=\"https:\/\/www.dewetron.com\/app\/uploads\/2026\/02\/TRION3-24xx_ACC-LV_header.jpg\"\n        alt=\"\"\n        title=\"\"\n        loading=\"lazy\"\n                    onerror=\"this.src = 'https:\/\/www.dewetron.com\/app\/themes\/dewetron\/public\/images\/fallback.8952c5.jpg'\"\n            >\n<\/picture>\n                  <div class=\"card-content p-2\">\n                    <span class=\"category d-inline-flex\">Hardware-Neuigkeiten<\/span>\n                    <h5 class=\"mb-2 mt-4 text-uppercase\">\n                      Isolierte Niederspannungs- &amp; IEPE-Datenerfassung mit unseren neuen TRION3-24xx-ACC\/LV-Modulen\n                    <\/h5>\n                                        <span class=\"read-more text-primary text-uppercase mt-4 d-block\">\n                      Mehr lesen\n                    <\/span>\n                  <\/div>\n      <span><\/span>\n      <\/a>\n              <\/div>\n                          <div class=\"news-card swiper-slide col-lg-4 col-12 bg-light \">\n                <a class=\"\" href=\"https:\/\/www.dewetron.com\/de\/news\/oxygen-8-major-release\/\" target=\"\">\n          <picture>\n        <img decoding=\"async\"\n        class=\"img-fluid aspect-4-3\" size=\"full\"\n        src=\"https:\/\/www.dewetron.com\/app\/uploads\/2026\/02\/header_oxygen_8.0.jpg\"\n        alt=\"\"\n        title=\"\"\n        loading=\"lazy\"\n                    onerror=\"this.src = 'https:\/\/www.dewetron.com\/app\/themes\/dewetron\/public\/images\/fallback.8952c5.jpg'\"\n            >\n<\/picture>\n                  <div class=\"card-content p-2\">\n                    <span class=\"category d-inline-flex\">Software-Info<\/span>\n                    <h5 class=\"mb-2 mt-4 text-uppercase\">\n                      OXYGEN 8.0 \u2013 Major Release mit erweiterter Konnektivit\u00e4t, Mobilit\u00e4t und Usability\n                    <\/h5>\n                                        <span class=\"read-more text-primary text-uppercase mt-4 d-block\">\n                      Mehr lesen\n                    <\/span>\n                  <\/div>\n      <span><\/span>\n      <\/a>\n              <\/div>\n                          <div class=\"news-card swiper-slide col-lg-4 col-12 bg-light \">\n                <a class=\"\" href=\"https:\/\/www.dewetron.com\/de\/news\/oxygen-go-app-for-mobile-devices\/\" target=\"\">\n          <picture>\n        <img decoding=\"async\"\n        class=\"img-fluid aspect-4-3\" size=\"full\"\n        src=\"https:\/\/www.dewetron.com\/app\/uploads\/2026\/02\/OXYGEN-Go-Easy-Connectivity-teststand.png\"\n        alt=\"\"\n        title=\"\"\n        loading=\"lazy\"\n                    onerror=\"this.src = 'https:\/\/www.dewetron.com\/app\/themes\/dewetron\/public\/images\/fallback.8952c5.jpg'\"\n            >\n<\/picture>\n                  <div class=\"card-content p-2\">\n                    <span class=\"category d-inline-flex\">Software-Info<\/span>\n                    <h5 class=\"mb-2 mt-4 text-uppercase\">\n                      OXYGEN-GO App f\u00fcr Ihr Mobilger\u00e4t\n                    <\/h5>\n                                        <span class=\"read-more text-primary text-uppercase mt-4 d-block\">\n                      Mehr lesen\n                    <\/span>\n                  <\/div>\n      <span><\/span>\n      <\/a>\n              <\/div>\n                          <div class=\"news-card swiper-slide col-lg-4 col-12 bg-light \">\n                <a class=\"\" href=\"https:\/\/www.dewetron.com\/de\/news\/automatisierter-mixer-testwagen\/\" target=\"\">\n          <picture>\n        <img decoding=\"async\"\n        class=\"img-fluid aspect-4-3\" size=\"full\"\n        src=\"https:\/\/www.dewetron.com\/app\/uploads\/2026\/01\/Automated-Blender-Tests.jpg\"\n        alt=\"\"\n        title=\"\"\n        loading=\"lazy\"\n                    onerror=\"this.src = 'https:\/\/www.dewetron.com\/app\/themes\/dewetron\/public\/images\/fallback.8952c5.jpg'\"\n            >\n<\/picture>\n                  <div class=\"card-content p-2\">\n                    <span class=\"category d-inline-flex\">Industrie-Neuigkeiten<\/span>\n                    <h5 class=\"mb-2 mt-4 text-uppercase\">\n                      Automatisierter Mixer-Testwagen\n                    <\/h5>\n                                        <span class=\"read-more text-primary text-uppercase mt-4 d-block\">\n                      Mehr lesen\n                    <\/span>\n                  <\/div>\n      <span><\/span>\n      <\/a>\n              <\/div>\n                          <div class=\"news-card swiper-slide col-lg-4 col-12 bg-light \">\n                <a class=\"\" href=\"https:\/\/www.dewetron.com\/de\/news\/frequenzanalyse-in-der-signalverarbeitung\/\" target=\"\">\n          <picture>\n        <img decoding=\"async\"\n        class=\"img-fluid aspect-4-3\" size=\"full\"\n        src=\"https:\/\/www.dewetron.com\/app\/uploads\/2026\/01\/One-Pager-Frequency-Analysis-Header.jpeg\"\n        alt=\"\"\n        title=\"\"\n        loading=\"lazy\"\n                    onerror=\"this.src = 'https:\/\/www.dewetron.com\/app\/themes\/dewetron\/public\/images\/fallback.8952c5.jpg'\"\n            >\n<\/picture>\n                  <div class=\"card-content p-2\">\n                    <span class=\"category d-inline-flex\">DAQ Wissenswertes<\/span>\n                    <h5 class=\"mb-2 mt-4 text-uppercase\">\n                      Frequenzanalyse in der Signalverarbeitung\n                    <\/h5>\n                                        <span class=\"read-more text-primary text-uppercase mt-4 d-block\">\n                      Mehr lesen\n                    <\/span>\n                  <\/div>\n      <span><\/span>\n      <\/a>\n              <\/div>\n                      <\/div>\n        <\/div>\n        <div class=\"swiper-button-custom swiper-button-prev-custom p-0\">\n            <svg width=\"89\" height=\"103\" viewBox=\"0 0 89 103\" fill=\"none\" xmlns=\"http:\/\/www.w3.org\/2000\/svg\">\n<path d=\"M0 58.8001V44.2001L88.6 0.600098V17.8001L17.4 51.6001L88.6 85.2001V102.4L0 58.8001Z\" fill=\"#D4D4D4\"\/>\n<\/svg>        <\/div>\n        <div class=\"swiper-button-custom swiper-button-next-custom p-0\">\n            <svg width=\"89\" height=\"103\" viewBox=\"0 0 89 103\" fill=\"none\" xmlns=\"http:\/\/www.w3.org\/2000\/svg\">\n<path d=\"M88.6 44.2001V58.8001L0 102.4V85.2001L71.2 51.4001L0 17.8001V0.600098L88.6 44.2001Z\" fill=\"#D4D4D4\"\/>\n<\/svg>        <\/div>\n      <\/div>\n      <div class=\"col-12 d-lg-none d-grid link text-cente mt-8\">\n                <a class=\"dewetron-btn\" href=\"https:\/\/www.dewetron.com\/de\/know-how-center\/newsroom\/\" target=\"\">\n          Alle News\n      <span><\/span>\n      <\/a>\n              <\/div>\n    <\/div>\n  <\/div>\n<\/div>\n","protected":false},"excerpt":{"rendered":"<p>Erfahren Sie in diesem Whitepaper wie Sie mit DEWETRON-Hardware den Ladevorgang von E-Autos \u00fcberwachen k\u00f6nnen.<\/p>\n","protected":false},"author":4,"featured_media":43875,"comment_status":"closed","ping_status":"open","sticky":false,"template":"","format":"standard","meta":{"_acf_changed":false,"footnotes":""},"categories":[391,30],"tags":[],"class_list":["post-47501","post","type-post","status-publish","format-standard","has-post-thumbnail","hentry","category-whitepaper-de","category-unkategorisiert"],"acf":[],"yoast_head":"<!-- This site is optimized with the Yoast SEO Premium plugin v23.9 (Yoast SEO v27.2) - https:\/\/yoast.com\/product\/yoast-seo-premium-wordpress\/ -->\n<title>\u00dcberwachung von E-Auto-Ladevorg\u00e4ngen | DEWETRON<\/title>\n<meta name=\"description\" content=\"Erfahren Sie in diesem Whitepaper wie Sie mit DEWETRON-Hardware den Ladevorgang von E-Autos \u00fcberwachen k\u00f6nnen.\" \/>\n<meta name=\"robots\" content=\"index, follow, max-snippet:-1, max-image-preview:large, max-video-preview:-1\" \/>\n<link rel=\"canonical\" href=\"https:\/\/www.dewetron.com\/de\/news\/white-paper-monitoring-ev-charging-cycles\/\" \/>\n<meta property=\"og:locale\" content=\"de_DE\" \/>\n<meta property=\"og:type\" content=\"article\" \/>\n<meta property=\"og:title\" content=\"\u00dcberwachung von EV-Ladezyklen\" \/>\n<meta property=\"og:description\" content=\"Erfahren Sie in diesem Whitepaper wie Sie mit DEWETRON-Hardware den Ladevorgang von E-Autos \u00fcberwachen k\u00f6nnen.\" \/>\n<meta property=\"og:url\" content=\"https:\/\/www.dewetron.com\/de\/news\/white-paper-monitoring-ev-charging-cycles\/\" \/>\n<meta property=\"og:site_name\" content=\"DEWETRON\" \/>\n<meta property=\"article:publisher\" content=\"https:\/\/www.facebook.com\/dewetron.gmbh\" \/>\n<meta property=\"article:published_time\" content=\"2024-06-06T07:13:06+00:00\" \/>\n<meta property=\"article:modified_time\" content=\"2025-02-03T08:48:21+00:00\" \/>\n<meta property=\"og:image\" content=\"https:\/\/www.dewetron.com\/app\/uploads\/2024\/06\/header_monitoring-ev-charging-cycling-3.jpg\" \/>\n\t<meta property=\"og:image:width\" content=\"2000\" \/>\n\t<meta property=\"og:image:height\" content=\"895\" \/>\n\t<meta property=\"og:image:type\" content=\"image\/jpeg\" \/>\n<meta name=\"author\" content=\"Sarah Esterle\" \/>\n<meta name=\"twitter:card\" content=\"summary_large_image\" \/>\n<meta name=\"twitter:label1\" content=\"Written by\" \/>\n\t<meta name=\"twitter:data1\" content=\"Sarah Esterle\" \/>\n\t<meta name=\"twitter:label2\" content=\"Est. reading time\" \/>\n\t<meta name=\"twitter:data2\" content=\"1 minute\" \/>\n<script type=\"application\/ld+json\" class=\"yoast-schema-graph\">{\"@context\":\"https:\/\/schema.org\",\"@graph\":[{\"@type\":\"Article\",\"@id\":\"https:\/\/www.dewetron.com\/de\/news\/white-paper-monitoring-ev-charging-cycles\/#article\",\"isPartOf\":{\"@id\":\"https:\/\/www.dewetron.com\/de\/news\/white-paper-monitoring-ev-charging-cycles\/\"},\"author\":{\"name\":\"Sarah Esterle\",\"@id\":\"https:\/\/www.dewetron.com\/de\/#\/schema\/person\/d94d0d24c1815a93f409ebb71f3da0a4\"},\"headline\":\"\u00dcberwachung von EV-Ladezyklen\",\"datePublished\":\"2024-06-06T07:13:06+00:00\",\"dateModified\":\"2025-02-03T08:48:21+00:00\",\"mainEntityOfPage\":{\"@id\":\"https:\/\/www.dewetron.com\/de\/news\/white-paper-monitoring-ev-charging-cycles\/\"},\"wordCount\":3,\"publisher\":{\"@id\":\"https:\/\/www.dewetron.com\/de\/#organization\"},\"image\":{\"@id\":\"https:\/\/www.dewetron.com\/de\/news\/white-paper-monitoring-ev-charging-cycles\/#primaryimage\"},\"thumbnailUrl\":\"https:\/\/www.dewetron.com\/app\/uploads\/2024\/06\/header_monitoring-ev-charging-cycling-3.jpg\",\"articleSection\":[\"Whitepaper\",\"Industrie-Neuigkeiten\"],\"inLanguage\":\"de-DE\"},{\"@type\":\"WebPage\",\"@id\":\"https:\/\/www.dewetron.com\/de\/news\/white-paper-monitoring-ev-charging-cycles\/\",\"url\":\"https:\/\/www.dewetron.com\/de\/news\/white-paper-monitoring-ev-charging-cycles\/\",\"name\":\"\u00dcberwachung von E-Auto-Ladevorg\u00e4ngen | DEWETRON\",\"isPartOf\":{\"@id\":\"https:\/\/www.dewetron.com\/de\/#website\"},\"primaryImageOfPage\":{\"@id\":\"https:\/\/www.dewetron.com\/de\/news\/white-paper-monitoring-ev-charging-cycles\/#primaryimage\"},\"image\":{\"@id\":\"https:\/\/www.dewetron.com\/de\/news\/white-paper-monitoring-ev-charging-cycles\/#primaryimage\"},\"thumbnailUrl\":\"https:\/\/www.dewetron.com\/app\/uploads\/2024\/06\/header_monitoring-ev-charging-cycling-3.jpg\",\"datePublished\":\"2024-06-06T07:13:06+00:00\",\"dateModified\":\"2025-02-03T08:48:21+00:00\",\"description\":\"Erfahren Sie in diesem Whitepaper wie Sie mit DEWETRON-Hardware den Ladevorgang von E-Autos \u00fcberwachen k\u00f6nnen.\",\"breadcrumb\":{\"@id\":\"https:\/\/www.dewetron.com\/de\/news\/white-paper-monitoring-ev-charging-cycles\/#breadcrumb\"},\"inLanguage\":\"de-DE\",\"potentialAction\":[{\"@type\":\"ReadAction\",\"target\":[\"https:\/\/www.dewetron.com\/de\/news\/white-paper-monitoring-ev-charging-cycles\/\"]}]},{\"@type\":\"ImageObject\",\"inLanguage\":\"de-DE\",\"@id\":\"https:\/\/www.dewetron.com\/de\/news\/white-paper-monitoring-ev-charging-cycles\/#primaryimage\",\"url\":\"https:\/\/www.dewetron.com\/app\/uploads\/2024\/06\/header_monitoring-ev-charging-cycling-3.jpg\",\"contentUrl\":\"https:\/\/www.dewetron.com\/app\/uploads\/2024\/06\/header_monitoring-ev-charging-cycling-3.jpg\",\"width\":2000,\"height\":895},{\"@type\":\"BreadcrumbList\",\"@id\":\"https:\/\/www.dewetron.com\/de\/news\/white-paper-monitoring-ev-charging-cycles\/#breadcrumb\",\"itemListElement\":[{\"@type\":\"ListItem\",\"position\":1,\"name\":\"Home\",\"item\":\"https:\/\/www.dewetron.com\/de\/\"},{\"@type\":\"ListItem\",\"position\":2,\"name\":\"\u00dcberwachung von EV-Ladezyklen\"}]},{\"@type\":\"WebSite\",\"@id\":\"https:\/\/www.dewetron.com\/de\/#website\",\"url\":\"https:\/\/www.dewetron.com\/de\/\",\"name\":\"DEWETRON\",\"description\":\"\",\"publisher\":{\"@id\":\"https:\/\/www.dewetron.com\/de\/#organization\"},\"potentialAction\":[{\"@type\":\"SearchAction\",\"target\":{\"@type\":\"EntryPoint\",\"urlTemplate\":\"https:\/\/www.dewetron.com\/de\/?s={search_term_string}\"},\"query-input\":{\"@type\":\"PropertyValueSpecification\",\"valueRequired\":true,\"valueName\":\"search_term_string\"}}],\"inLanguage\":\"de-DE\"},{\"@type\":\"Organization\",\"@id\":\"https:\/\/www.dewetron.com\/de\/#organization\",\"name\":\"DEWETRON\",\"url\":\"https:\/\/www.dewetron.com\/de\/\",\"logo\":{\"@type\":\"ImageObject\",\"inLanguage\":\"de-DE\",\"@id\":\"https:\/\/www.dewetron.com\/de\/#\/schema\/logo\/image\/\",\"url\":\"https:\/\/www.dewetron.com\/app\/uploads\/2024\/08\/DEWETRON-logo-text-and-image.png\",\"contentUrl\":\"https:\/\/www.dewetron.com\/app\/uploads\/2024\/08\/DEWETRON-logo-text-and-image.png\",\"width\":900,\"height\":979,\"caption\":\"DEWETRON\"},\"image\":{\"@id\":\"https:\/\/www.dewetron.com\/de\/#\/schema\/logo\/image\/\"},\"sameAs\":[\"https:\/\/www.facebook.com\/dewetron.gmbh\",\"https:\/\/www.linkedin.com\/company\/dewetron\/\",\"https:\/\/www.instagram.com\/wearedewetron\/\",\"https:\/\/www.youtube.com\/channel\/UCE76NeVVgWF65etH8E1bOog\"]},{\"@type\":\"Person\",\"@id\":\"https:\/\/www.dewetron.com\/de\/#\/schema\/person\/d94d0d24c1815a93f409ebb71f3da0a4\",\"name\":\"Sarah Esterle\",\"image\":{\"@type\":\"ImageObject\",\"inLanguage\":\"de-DE\",\"@id\":\"https:\/\/secure.gravatar.com\/avatar\/43b91c87dcfd7a60a068e93f92e8655071cfcc7718b45b78fcf5726d53d93df8?s=96&d=mm&r=g\",\"url\":\"https:\/\/secure.gravatar.com\/avatar\/43b91c87dcfd7a60a068e93f92e8655071cfcc7718b45b78fcf5726d53d93df8?s=96&d=mm&r=g\",\"contentUrl\":\"https:\/\/secure.gravatar.com\/avatar\/43b91c87dcfd7a60a068e93f92e8655071cfcc7718b45b78fcf5726d53d93df8?s=96&d=mm&r=g\",\"caption\":\"Sarah Esterle\"},\"url\":\"https:\/\/www.dewetron.com\/de\/news\/author\/sarah-esterle\/\"}]}<\/script>\n<!-- \/ Yoast SEO Premium plugin. -->","yoast_head_json":{"title":"\u00dcberwachung von E-Auto-Ladevorg\u00e4ngen | DEWETRON","description":"Erfahren Sie in diesem Whitepaper wie Sie mit DEWETRON-Hardware den Ladevorgang von E-Autos \u00fcberwachen k\u00f6nnen.","robots":{"index":"index","follow":"follow","max-snippet":"max-snippet:-1","max-image-preview":"max-image-preview:large","max-video-preview":"max-video-preview:-1"},"canonical":"https:\/\/www.dewetron.com\/de\/news\/white-paper-monitoring-ev-charging-cycles\/","og_locale":"de_DE","og_type":"article","og_title":"\u00dcberwachung von EV-Ladezyklen","og_description":"Erfahren Sie in diesem Whitepaper wie Sie mit DEWETRON-Hardware den Ladevorgang von E-Autos \u00fcberwachen k\u00f6nnen.","og_url":"https:\/\/www.dewetron.com\/de\/news\/white-paper-monitoring-ev-charging-cycles\/","og_site_name":"DEWETRON","article_publisher":"https:\/\/www.facebook.com\/dewetron.gmbh","article_published_time":"2024-06-06T07:13:06+00:00","article_modified_time":"2025-02-03T08:48:21+00:00","og_image":[{"width":2000,"height":895,"url":"https:\/\/www.dewetron.com\/app\/uploads\/2024\/06\/header_monitoring-ev-charging-cycling-3.jpg","type":"image\/jpeg"}],"author":"Sarah Esterle","twitter_card":"summary_large_image","twitter_misc":{"Written by":"Sarah Esterle","Est. reading time":"1 minute"},"schema":{"@context":"https:\/\/schema.org","@graph":[{"@type":"Article","@id":"https:\/\/www.dewetron.com\/de\/news\/white-paper-monitoring-ev-charging-cycles\/#article","isPartOf":{"@id":"https:\/\/www.dewetron.com\/de\/news\/white-paper-monitoring-ev-charging-cycles\/"},"author":{"name":"Sarah Esterle","@id":"https:\/\/www.dewetron.com\/de\/#\/schema\/person\/d94d0d24c1815a93f409ebb71f3da0a4"},"headline":"\u00dcberwachung von EV-Ladezyklen","datePublished":"2024-06-06T07:13:06+00:00","dateModified":"2025-02-03T08:48:21+00:00","mainEntityOfPage":{"@id":"https:\/\/www.dewetron.com\/de\/news\/white-paper-monitoring-ev-charging-cycles\/"},"wordCount":3,"publisher":{"@id":"https:\/\/www.dewetron.com\/de\/#organization"},"image":{"@id":"https:\/\/www.dewetron.com\/de\/news\/white-paper-monitoring-ev-charging-cycles\/#primaryimage"},"thumbnailUrl":"https:\/\/www.dewetron.com\/app\/uploads\/2024\/06\/header_monitoring-ev-charging-cycling-3.jpg","articleSection":["Whitepaper","Industrie-Neuigkeiten"],"inLanguage":"de-DE"},{"@type":"WebPage","@id":"https:\/\/www.dewetron.com\/de\/news\/white-paper-monitoring-ev-charging-cycles\/","url":"https:\/\/www.dewetron.com\/de\/news\/white-paper-monitoring-ev-charging-cycles\/","name":"\u00dcberwachung von E-Auto-Ladevorg\u00e4ngen | DEWETRON","isPartOf":{"@id":"https:\/\/www.dewetron.com\/de\/#website"},"primaryImageOfPage":{"@id":"https:\/\/www.dewetron.com\/de\/news\/white-paper-monitoring-ev-charging-cycles\/#primaryimage"},"image":{"@id":"https:\/\/www.dewetron.com\/de\/news\/white-paper-monitoring-ev-charging-cycles\/#primaryimage"},"thumbnailUrl":"https:\/\/www.dewetron.com\/app\/uploads\/2024\/06\/header_monitoring-ev-charging-cycling-3.jpg","datePublished":"2024-06-06T07:13:06+00:00","dateModified":"2025-02-03T08:48:21+00:00","description":"Erfahren Sie in diesem Whitepaper wie Sie mit DEWETRON-Hardware den Ladevorgang von E-Autos \u00fcberwachen k\u00f6nnen.","breadcrumb":{"@id":"https:\/\/www.dewetron.com\/de\/news\/white-paper-monitoring-ev-charging-cycles\/#breadcrumb"},"inLanguage":"de-DE","potentialAction":[{"@type":"ReadAction","target":["https:\/\/www.dewetron.com\/de\/news\/white-paper-monitoring-ev-charging-cycles\/"]}]},{"@type":"ImageObject","inLanguage":"de-DE","@id":"https:\/\/www.dewetron.com\/de\/news\/white-paper-monitoring-ev-charging-cycles\/#primaryimage","url":"https:\/\/www.dewetron.com\/app\/uploads\/2024\/06\/header_monitoring-ev-charging-cycling-3.jpg","contentUrl":"https:\/\/www.dewetron.com\/app\/uploads\/2024\/06\/header_monitoring-ev-charging-cycling-3.jpg","width":2000,"height":895},{"@type":"BreadcrumbList","@id":"https:\/\/www.dewetron.com\/de\/news\/white-paper-monitoring-ev-charging-cycles\/#breadcrumb","itemListElement":[{"@type":"ListItem","position":1,"name":"Home","item":"https:\/\/www.dewetron.com\/de\/"},{"@type":"ListItem","position":2,"name":"\u00dcberwachung von EV-Ladezyklen"}]},{"@type":"WebSite","@id":"https:\/\/www.dewetron.com\/de\/#website","url":"https:\/\/www.dewetron.com\/de\/","name":"DEWETRON","description":"","publisher":{"@id":"https:\/\/www.dewetron.com\/de\/#organization"},"potentialAction":[{"@type":"SearchAction","target":{"@type":"EntryPoint","urlTemplate":"https:\/\/www.dewetron.com\/de\/?s={search_term_string}"},"query-input":{"@type":"PropertyValueSpecification","valueRequired":true,"valueName":"search_term_string"}}],"inLanguage":"de-DE"},{"@type":"Organization","@id":"https:\/\/www.dewetron.com\/de\/#organization","name":"DEWETRON","url":"https:\/\/www.dewetron.com\/de\/","logo":{"@type":"ImageObject","inLanguage":"de-DE","@id":"https:\/\/www.dewetron.com\/de\/#\/schema\/logo\/image\/","url":"https:\/\/www.dewetron.com\/app\/uploads\/2024\/08\/DEWETRON-logo-text-and-image.png","contentUrl":"https:\/\/www.dewetron.com\/app\/uploads\/2024\/08\/DEWETRON-logo-text-and-image.png","width":900,"height":979,"caption":"DEWETRON"},"image":{"@id":"https:\/\/www.dewetron.com\/de\/#\/schema\/logo\/image\/"},"sameAs":["https:\/\/www.facebook.com\/dewetron.gmbh","https:\/\/www.linkedin.com\/company\/dewetron\/","https:\/\/www.instagram.com\/wearedewetron\/","https:\/\/www.youtube.com\/channel\/UCE76NeVVgWF65etH8E1bOog"]},{"@type":"Person","@id":"https:\/\/www.dewetron.com\/de\/#\/schema\/person\/d94d0d24c1815a93f409ebb71f3da0a4","name":"Sarah Esterle","image":{"@type":"ImageObject","inLanguage":"de-DE","@id":"https:\/\/secure.gravatar.com\/avatar\/43b91c87dcfd7a60a068e93f92e8655071cfcc7718b45b78fcf5726d53d93df8?s=96&d=mm&r=g","url":"https:\/\/secure.gravatar.com\/avatar\/43b91c87dcfd7a60a068e93f92e8655071cfcc7718b45b78fcf5726d53d93df8?s=96&d=mm&r=g","contentUrl":"https:\/\/secure.gravatar.com\/avatar\/43b91c87dcfd7a60a068e93f92e8655071cfcc7718b45b78fcf5726d53d93df8?s=96&d=mm&r=g","caption":"Sarah Esterle"},"url":"https:\/\/www.dewetron.com\/de\/news\/author\/sarah-esterle\/"}]}},"_links":{"self":[{"href":"https:\/\/www.dewetron.com\/de\/wp-json\/wp\/v2\/posts\/47501","targetHints":{"allow":["GET"]}}],"collection":[{"href":"https:\/\/www.dewetron.com\/de\/wp-json\/wp\/v2\/posts"}],"about":[{"href":"https:\/\/www.dewetron.com\/de\/wp-json\/wp\/v2\/types\/post"}],"author":[{"embeddable":true,"href":"https:\/\/www.dewetron.com\/de\/wp-json\/wp\/v2\/users\/4"}],"replies":[{"embeddable":true,"href":"https:\/\/www.dewetron.com\/de\/wp-json\/wp\/v2\/comments?post=47501"}],"version-history":[{"count":4,"href":"https:\/\/www.dewetron.com\/de\/wp-json\/wp\/v2\/posts\/47501\/revisions"}],"predecessor-version":[{"id":54404,"href":"https:\/\/www.dewetron.com\/de\/wp-json\/wp\/v2\/posts\/47501\/revisions\/54404"}],"wp:featuredmedia":[{"embeddable":true,"href":"https:\/\/www.dewetron.com\/de\/wp-json\/wp\/v2\/media\/43875"}],"wp:attachment":[{"href":"https:\/\/www.dewetron.com\/de\/wp-json\/wp\/v2\/media?parent=47501"}],"wp:term":[{"taxonomy":"category","embeddable":true,"href":"https:\/\/www.dewetron.com\/de\/wp-json\/wp\/v2\/categories?post=47501"},{"taxonomy":"post_tag","embeddable":true,"href":"https:\/\/www.dewetron.com\/de\/wp-json\/wp\/v2\/tags?post=47501"}],"curies":[{"name":"wp","href":"https:\/\/api.w.org\/{rel}","templated":true}]}}