{"id":47254,"date":"2023-05-17T08:00:23","date_gmt":"2023-05-17T08:00:23","guid":{"rendered":"https:\/\/www.dewetron.com\/news\/kalibrierung-was-ist-das-und-warum-ist-es-so-wichtig\/"},"modified":"2025-02-03T12:16:17","modified_gmt":"2025-02-03T12:16:17","slug":"kalibrierung-was-ist-das-und-warum-ist-es-so-wichtig","status":"publish","type":"post","link":"https:\/\/www.dewetron.com\/de\/news\/kalibrierung-was-ist-das-und-warum-ist-es-so-wichtig\/","title":{"rendered":"Kalibrierung &#8211; Was ist das und warum ist es so wichtig?"},"content":{"rendered":"<div id=\"\" class=\"wp-block-text-columns margin-bottom-small\n      \">\n  <div class=\"container\">\n    <div class=\"row justify-content-center\">\n              <div class=\"col-12\">\n          <h2><\/h2>\n          <div class=\"content-size-normal\">\n            <p>Kalibrierung \u2013 auch als Kalibration bezeichnet \u2013 ist wichtig, um die Genauigkeit eines Messsystems zu garantieren. Sie ist nicht nur vor dem ersten Einsatz wichtig, sondern auch nach l\u00e4ngerer Nutzung, wenn die Systeme verschlei\u00dfen.\u00a0In diesem Blog-Beitrag werden wir erkl\u00e4ren, was Kalibrierung ist und wie sie funktioniert. Wir beschreiben, wie wir Systeme bei DEWETRON kalibrieren und zeigen den Unterschied zu \u00e4hnlichen Verfahren auf.<\/p>\n\n          <\/div>\n        <\/div>\n          <\/div>\n  <\/div>\n<\/div>\n\n\n<div id=\"\" class=\"wp-block-text-columns margin-bottom-small\n      \">\n  <div class=\"container\">\n    <div class=\"row justify-content-center\">\n              <div class=\"col-12\">\n          <h2>Was ist Kalibrierung?<\/h2>\n          <div class=\"content-size-normal\">\n            <p>Oft h\u00f6rt man im Zusammenhang mit der \u00dcberpr\u00fcfung von Test- und Messsystemen auch den Begriff Kalibration. Um vorab die Verwirrung der Begrifflichkeiten aufzul\u00f6sen \u2013 <em>Kalibration<\/em> leitet sich vom englischen Wort <em>calibration<\/em> ab und meint genau dasselbe wie <em>Kalibrierung<\/em>.<\/p>\n<p>Jedes Messger\u00e4t unterliegt gewissen Messtoleranzen, die auf Grund der jeweiligen Umgebungsbedingungen oder durch verwendete Bauteile bei der Konstruktion entstehen. Bei der Kalibrierung wird der angezeigte Messwert am Messger\u00e4t mit einem als normal definierten Referenzwert verglichen. Die auftretenden Abweichungen werden genau dokumentiert, um wiederum die Messgenauigkeit herauszufinden. Ebenfalls berechnet unser Kalibrationsteam die Messunsicherheit des Ger\u00e4ts. Bei der Kalibrierung selbst ver\u00e4ndern wir am Messger\u00e4t nichts.<\/p>\n<p><strong>Kurz und b\u00fcndig:<\/strong> Die Kalibrierung ist ein Messprozess zum Vergleich von Messwerten. Messwerte des zu pr\u00fcfenden Ger\u00e4ts werden mit denen eines Kalibriernormals (z. B. eines bereits kalibrierten Ger\u00e4ts) verglichen und auf Genauigkeit \u00fcberpr\u00fcft.<\/p>\n\n          <\/div>\n        <\/div>\n          <\/div>\n  <\/div>\n<\/div>\n\n\n<div id=\"\" class=\"wp-block-text-columns margin-bottom-small\n      \">\n  <div class=\"container\">\n    <div class=\"row justify-content-center\">\n              <div class=\"col-12\">\n          <h2>Was ist der Unterschied zwischen Kalibrierung, Eichung usw.?<\/h2>\n          <div class=\"content-size-normal\">\n            <h3><\/h3>\n<p>Eichung, Justierung und Zertifizierung werden oft f\u00e4lschlicherweise als Synonyme f\u00fcr den Begriff \u201eKalibrierung\u201c verwendet. Sie haben alle etwas mit Messungen und Genauigkeit zu tun, unterscheiden sich aber grundlegend.<br \/>\n&nbsp;<\/p>\n<h4>Eichung<\/h4>\n<p>Eichen ist die gesetzlich vorgeschriebene Pr\u00fcfung einer Messeinrichtung auf die Einhaltung der gesetzlich geregelten Werte nach dem Mess- und Eichgesetz. Eine Eichung darf nur von Beh\u00f6rden oder staatlich anerkannten Pr\u00fcfstellen durchgef\u00fchrt werden.<\/p>\n<p><strong>Exkurs<\/strong>: Das Mess- und Eichgesetz ist eine Rechtsvorschrift und legt Anforderungen fest, welche f\u00fcr Messger\u00e4te einzuhalten sind. Mess- und Eichgesetze unterscheiden sich von Land zu Land.<br \/>\n&nbsp;<\/p>\n<h4>Justierung<\/h4>\n<p>Wie bereits erw\u00e4hnt, wird bei der Kalibrierung NICHT in das Messsystem eingegriffen. Im Gegensatz dazu, findet bei einer Justierung immer ein Eingriff in das Messsystem durch das Kalibrierlabor statt. Eine Justierung (oder Justage) gleicht die durch die Kalibration gemessene Abweichung aus.<br \/>\n&nbsp;<\/p>\n<h4>Zertifizierung<\/h4>\n<p>Bei der Zertifizierung handelt es sich um die schriftliche Zusicherung einer unabh\u00e4ngigen Stelle, dass das betreffende Produkt, die betreffende Dienstleistung oder das betreffende System bestimmte Anforderungen erf\u00fcllt. Im Allgemeinen sind diese spezifischen Anforderungen entweder in einer privaten oder internationalen technischen Norm festgelegt<\/p>\n\n          <\/div>\n        <\/div>\n          <\/div>\n  <\/div>\n<\/div>\n\n\n<div id=\"\" class=\"wp-block-text-columns margin-bottom-small\n      \">\n  <div class=\"container\">\n    <div class=\"row justify-content-center\">\n              <div class=\"col-12\">\n          <h2>Was bringt mir das?<\/h2>\n          <div class=\"content-size-normal\">\n            <p>Wie jedes Arbeitsger\u00e4t nutzt sich auch ein Messger\u00e4t nach der Zeit ab. Verunreinigungen, Staub oder einfach Verschlei\u00df durch h\u00e4ufige Verwendung sorgen daf\u00fcr, dass sich Messwerte ver\u00e4ndern k\u00f6nnen. Das klingt beunruhigend, ist es aber nicht! Eine regelm\u00e4\u00dfige Kalibration wirkt dem entgegen, sorgt f\u00fcr kontinuierliche Qualit\u00e4t Ihrer Messdaten und stellt sicher, dass die von Ihnen gemessenen Werte der Norm entsprechen. Im Rahmen der Qualit\u00e4tssicherung in einem Unternehmen hilft eine regelm\u00e4\u00dfige Kalibrierung auch, Kosten zu sparen, indem Messabweichungen fr\u00fch genug erkannt werden.<br \/>\n&nbsp;<\/p>\n<p style=\"text-align: center;\"><img loading=\"lazy\" decoding=\"async\" class=\"aligncenter wp-image-32915\" title=\"cal_lab\" src=\"https:\/\/www.dewetron.com\/app\/uploads\/2024\/09\/cal_lab-scaled.webp\" alt=\"DEWETRON Kalibrierlabor\" width=\"800\" height=\"557\" \/><\/p>\n\n          <\/div>\n        <\/div>\n          <\/div>\n  <\/div>\n<\/div>\n\n\n<div id=\"\" class=\"wp-block-text-columns margin-bottom-small\n      \">\n  <div class=\"container\">\n    <div class=\"row justify-content-center\">\n              <div class=\"col-12\">\n          <h2>Das DEWETRON Kalibrierlabor<\/h2>\n          <div class=\"content-size-normal\">\n            <p>Das DEWETRON Kalibrierlabor ist nach ISO 17025 zertifiziert, wir sind also berechtigt, Kalibrierzertifikate nach ISO (<a href=\"https:\/\/www.iso.org\/standards.html\">International Organization for Standardization<\/a>) Standards auszustellen. Ebenso sind wir NIST (<a href=\"https:\/\/www.nist.gov\/\">National Institute of Standards and Technology<\/a>) zertifiziert und d\u00fcrfen Ihre Ger\u00e4te auch nach dieser Zertifizierung kalibrieren. Beide Zertifizierungen stellen die R\u00fcckf\u00fchrbarkeit der Messergebnisse nach internationalen Standards sicher.<\/p>\n<p>Neben einer Standardkalibrierung gibt es auch die M\u00f6glichkeit, eine akkreditierte Kalibration durchzuf\u00fchren. Eine Akkreditierung bedeutet, dass die Kompetenz der Kalibrierung durch eine externe Beh\u00f6rde anerkannt wurde. Die akkreditierte Kalibrierung umfasst auch Herstelleranpassungen und bildet einen wichtigen Grundstein f\u00fcr die R\u00fcckf\u00fchrbarkeit und Transparenz der Messergebnisse.<br \/>\nDie Akkreditierung des DEWETRON Kalibrierlabors umfasst den ISO 17025 Standard der <a href=\"https:\/\/akkreditierung-austria.gv.at\/\" target=\"_blank\" rel=\"noopener\">Akkreditierung Austria<\/a> sowie der <a href=\"https:\/\/ilac.org\/\">ILAC MRA<\/a>. Diese berechtigen uns zur Kalibration folgender Parameter:<br \/>\n&nbsp;<\/p>\n<p style=\"text-align: center;\"><img loading=\"lazy\" decoding=\"async\" class=\"aligncenter wp-image-32913\" title=\"ilac_akkreditierung\" src=\"https:\/\/www.dewetron.com\/app\/uploads\/2024\/09\/ilac_akkreditierung.webp\" alt=\"Kalibrierung\" width=\"800\" height=\"315\" \/><\/p>\n\n          <\/div>\n        <\/div>\n          <\/div>\n  <\/div>\n<\/div>\n\n\n<div id=\"\" class=\"wp-block-text-columns margin-bottom-none\n      \">\n  <div class=\"container\">\n    <div class=\"row justify-content-center\">\n              <div class=\"col-12\">\n          <h2>Kalibration bei DEWETRON Produkten und Dienstleistungen<\/h2>\n          <div class=\"content-size-normal\">\n            <p>Bei DEWETRON kalibrieren wir jedes Messsystem in unserem Kalibrierlabor, bevor wir es an unsere Kunden ausliefern. Zus\u00e4tzlich f\u00fchren wir regelm\u00e4\u00dfige Kalibrierungen unserer Produkte durch, um die erforderliche Messqualit\u00e4t zu gew\u00e4hrleisten. Generell empfehlen wir die j\u00e4hrliche Kalibrierung Ihrer Ger\u00e4te. Bei fr\u00fchzeitiger Anfrage k\u00f6nnen wir Sie besser einplanen und Sie vermeiden eine zu lange Ausfallzeit Ihrer Messtechnik. Wir behalten Ihr Messger\u00e4t f\u00fcr maximal 14 Tage nach Eintreffen bei uns. In Ausnahmenf\u00e4llen ist auch eine schnellere Bearbeitung m\u00f6glich, da wir wissen, dass eine kurze Bearbeitungszeit entscheidend ist.<\/p>\n<p>Neben der akkreditierten Kalibrierung bieten wir Ihnen auch <a href=\"https:\/\/www.dewetron.com\/de\/support\/\">Support<\/a> f\u00fcr Ihre Messger\u00e4te sowie <a href=\"https:\/\/www.dewetron.com\/de\/support\/reparatur-wartung-upgrade\/\">Wartung und Reparatur<\/a> an. Unser erfahrenes Supportteam unterst\u00fctz Sie gerne bei Ihren Anliegen. Die regelm\u00e4\u00dfige Wartung Ihrer Ger\u00e4te verl\u00e4ngert deren Lebensdauer. Und sollte doch einmal etwas nicht wie geplant funktionieren, pr\u00fcfen unsere ausgebildeten TechnikerInnen Ihr System auf Herz und Nieren und f\u00fchren eventuell ben\u00f6tigte Reparaturen und Systemchecks durch.<br \/>\n&nbsp;<\/p>\n\n          <\/div>\n        <\/div>\n          <\/div>\n  <\/div>\n<\/div>\n\n\n<div id=\"\" class=\"wp-block-claim-links-gray margin-bottom-none\">\n  <div class=\"container-fluid bg-container py-7 bg-darkgray\">\n    <div class=\"container position-relative\">\n      <div class=\"claim col-12 col-lg-8 offset-lg-2 text-center text-light\">\n                  <h3 class=\"h3 text-uppercase\">M\u00d6CHTEN SIE MEHR \u00dcBER KALIBIERUNG HERAUSFINDEN?<\/h3>\n                                  <div class=\"link-button d-flex flex-wrap mt-4 justify-content-center gap-4\">\n                          <a class=\"dewetron-btn\" href=\"https:\/\/www.dewetron.com\/de\/support\/\" target=\"_blank\">\n          \n      <span>MEHR ERFAHREN<\/span>\n      <\/a>\n                                      <a class=\"dewetron-btn\" href=\"https:\/\/www.dewetron.com\/de\/kontakt\/\" target=\"_blank\">\n          \n      <span>KONTAKTIEREN SIE UNSERE EXPERTEN<\/span>\n      <\/a>\n                                  <\/div>\n              <\/div>\n    <\/div>\n    <div class=\"triangle-left\">\n      <svg width=\"473\" height=\"469\" viewBox=\"0 0 473 469\" fill=\"none\" xmlns=\"http:\/\/www.w3.org\/2000\/svg\">\n<path d=\"M323.984 352.833H79.0486L13.0728 467.099V468.52H390.784L323.984 352.833Z\" fill=\"#B0B0AF\"\/>\n<path d=\"M134.967 0L-68 351.55L-2.02418 465.84L-0.810036 466.55L268.545 0H134.967Z\" fill=\"#B0B0AF\"\/>\n<path d=\"M472.154 352.833L275.853 12.8511L209.053 128.515L405.354 468.52L472.154 352.833Z\" fill=\"#B0B0AF\"\/>\n<\/svg>    <\/div>\n    <div class=\"triangle-right\">\n      <svg width=\"462\" height=\"644\" viewBox=\"0 0 462 644\" fill=\"none\" xmlns=\"http:\/\/www.w3.org\/2000\/svg\">\n<path d=\"M538.396 484.622H201.974L111.355 641.569V643.52H630.148L538.396 484.622Z\" fill=\"#B0B0AF\"\/>\n<path d=\"M278.779 0L0 482.86L90.6189 639.839L92.2865 640.814L462.251 0H278.779Z\" fill=\"#B0B0AF\"\/>\n<path d=\"M741.911 484.622L472.288 17.6514L380.537 176.518L650.159 643.52L741.911 484.622Z\" fill=\"#B0B0AF\"\/>\n<\/svg>    <\/div>\n  <\/div>\n<\/div>\n\n\n<div id=\"\" class=\"wp-block-news-slider margin-bottom-none\">\n  <div class=\"container-fluid bg-lightgray py-lg-8 py-6\">\n    <div class=\"header-wrapper container\">\n      <div class=\"row flex-row flex-wrap\">\n        <div class=\"col-12 col-lg-6\">\n          <div class=\"content-wrapper\">\n            <div class=\"content\">\n                                            <h2 class=\"h2 text-uppercase mb-5\">Weitere Neuigkeiten &#038; Whitepaper<\/h2>\n                          <\/div>\n          <\/div>\n        <\/div>\n        <div class=\"col-lg-6 d-none d-lg-grid link\">\n                      <a class=\"dewetron-btn mb-5\" href=\"https:\/\/www.dewetron.com\/de\/know-how-center\/newsroom\/\" target=\"\">\n          Alle News\n      <span><\/span>\n      <\/a>\n                  <\/div>\n      <\/div>\n      <div class=\"row news-wrapper\">\n        <div class=\"news-slider swiper\">\n          <div class=\"swiper-wrapper\">\n                          <div class=\"news-card swiper-slide col-lg-4 col-12 bg-light \">\n                <a class=\"\" href=\"https:\/\/www.dewetron.com\/de\/news\/der-kalibrationsprozess-und-warum-er-wichtig-ist\/\" target=\"\">\n          <picture>\n        <img decoding=\"async\"\n        class=\"img-fluid aspect-4-3\" size=\"full\"\n        src=\"https:\/\/www.dewetron.com\/app\/uploads\/2024\/10\/header-calibration-process.jpg\"\n        alt=\"\"\n        title=\"\"\n        loading=\"lazy\"\n                    onerror=\"this.src = 'https:\/\/www.dewetron.com\/app\/themes\/dewetron\/public\/images\/fallback.8952c5.jpg'\"\n            >\n<\/picture>\n                  <div class=\"card-content p-2\">\n                    <span class=\"category d-inline-flex\">DAQ Wissenswertes<\/span>\n                    <h5 class=\"mb-2 mt-4 text-uppercase\">\n                      Der Kalibrationsprozess und warum er wichtig ist\n                    <\/h5>\n                                        <span class=\"read-more text-primary text-uppercase mt-4 d-block\">\n                      Mehr lesen\n                    <\/span>\n                  <\/div>\n      <span><\/span>\n      <\/a>\n              <\/div>\n                          <div class=\"news-card swiper-slide col-lg-4 col-12 bg-light \">\n                <a class=\"\" href=\"https:\/\/www.dewetron.com\/de\/news\/der-unterschied-zwischen-praezision-richtigkeit-und-genauigkeit\/\" target=\"\">\n          <picture>\n        <img decoding=\"async\"\n        class=\"img-fluid aspect-4-3\" size=\"full\"\n        src=\"https:\/\/www.dewetron.com\/app\/uploads\/2024\/10\/header_precision-trueness-accuracy.jpg\"\n        alt=\"\"\n        title=\"\"\n        loading=\"lazy\"\n                    onerror=\"this.src = 'https:\/\/www.dewetron.com\/app\/themes\/dewetron\/public\/images\/fallback.8952c5.jpg'\"\n            >\n<\/picture>\n                  <div class=\"card-content p-2\">\n                    <span class=\"category d-inline-flex\">DAQ Wissenswertes<\/span>\n                    <h5 class=\"mb-2 mt-4 text-uppercase\">\n                      Der Unterschied zwischen Pr\u00e4zision, Richtigkeit und Genauigkeit\n                    <\/h5>\n                                        <span class=\"read-more text-primary text-uppercase mt-4 d-block\">\n                      Mehr lesen\n                    <\/span>\n                  <\/div>\n      <span><\/span>\n      <\/a>\n              <\/div>\n                          <div class=\"news-card swiper-slide col-lg-4 col-12 bg-light \">\n                <a class=\"\" href=\"https:\/\/www.dewetron.com\/de\/news\/eingangskanalspezifikationen\/\" target=\"\">\n          <picture>\n        <img decoding=\"async\"\n        class=\"img-fluid aspect-4-3\" size=\"full\"\n        src=\"https:\/\/www.dewetron.com\/app\/uploads\/2025\/06\/Header-input-specifications.jpg\"\n        alt=\"\"\n        title=\"\"\n        loading=\"lazy\"\n                    onerror=\"this.src = 'https:\/\/www.dewetron.com\/app\/themes\/dewetron\/public\/images\/fallback.8952c5.jpg'\"\n            >\n<\/picture>\n                  <div class=\"card-content p-2\">\n                    <span class=\"category d-inline-flex\">Whitepaper<\/span>\n                    <h5 class=\"mb-2 mt-4 text-uppercase\">\n                      7 Eingangskanalspezifikationen zur Bestimmung der Messgenauigkeit\n                    <\/h5>\n                                        <span class=\"read-more text-primary text-uppercase mt-4 d-block\">\n                      Mehr lesen\n                    <\/span>\n                  <\/div>\n      <span><\/span>\n      <\/a>\n              <\/div>\n                          <div class=\"news-card swiper-slide col-lg-4 col-12 bg-light \">\n                <a class=\"\" href=\"https:\/\/www.dewetron.com\/de\/news\/dewetron-unterstuetzt-historischen-nasa-mission-artemis-ii-launch\/\" target=\"\">\n          <picture>\n        <img decoding=\"async\"\n        class=\"img-fluid aspect-4-3\" size=\"full\"\n        src=\"https:\/\/www.dewetron.com\/app\/uploads\/2026\/04\/dewetron-nasa-artemisII-launch.jpg\"\n        alt=\"\"\n        title=\"\"\n        loading=\"lazy\"\n                    onerror=\"this.src = 'https:\/\/www.dewetron.com\/app\/themes\/dewetron\/public\/images\/fallback.8952c5.jpg'\"\n            >\n<\/picture>\n                  <div class=\"card-content p-2\">\n                    <span class=\"category d-inline-flex\">Generelle Infos<\/span>\n                    <h5 class=\"mb-2 mt-4 text-uppercase\">\n                      DEWETRON unterst\u00fctzt historischen NASA-Mission Artemis II Launch\n                    <\/h5>\n                                        <span class=\"read-more text-primary text-uppercase mt-4 d-block\">\n                      Mehr lesen\n                    <\/span>\n                  <\/div>\n      <span><\/span>\n      <\/a>\n              <\/div>\n                          <div class=\"news-card swiper-slide col-lg-4 col-12 bg-light \">\n                <a class=\"\" href=\"https:\/\/www.dewetron.com\/de\/news\/verteilte-messungen-mit-oxygen-net\/\" target=\"\">\n          <picture>\n        <img decoding=\"async\"\n        class=\"img-fluid aspect-4-3\" size=\"full\"\n        src=\"https:\/\/www.dewetron.com\/app\/uploads\/2026\/03\/OXYGEN-NET_Header.png\"\n        alt=\"\"\n        title=\"\"\n        loading=\"lazy\"\n                    onerror=\"this.src = 'https:\/\/www.dewetron.com\/app\/themes\/dewetron\/public\/images\/fallback.8952c5.jpg'\"\n            >\n<\/picture>\n                  <div class=\"card-content p-2\">\n                    <span class=\"category d-inline-flex\">Whitepaper<\/span>\n                    <h5 class=\"mb-2 mt-4 text-uppercase\">\n                      Verteilte Messungen mit OXYGEN-NET\n                    <\/h5>\n                                        <span class=\"read-more text-primary text-uppercase mt-4 d-block\">\n                      Mehr lesen\n                    <\/span>\n                  <\/div>\n      <span><\/span>\n      <\/a>\n              <\/div>\n                          <div class=\"news-card swiper-slide col-lg-4 col-12 bg-light \">\n                <a class=\"\" href=\"https:\/\/www.dewetron.com\/de\/news\/new-trion3-24xx-acc-lv-modules\/\" target=\"\">\n          <picture>\n        <img decoding=\"async\"\n        class=\"img-fluid aspect-4-3\" size=\"full\"\n        src=\"https:\/\/www.dewetron.com\/app\/uploads\/2026\/02\/TRION3-24xx_ACC-LV_header.jpg\"\n        alt=\"\"\n        title=\"\"\n        loading=\"lazy\"\n                    onerror=\"this.src = 'https:\/\/www.dewetron.com\/app\/themes\/dewetron\/public\/images\/fallback.8952c5.jpg'\"\n            >\n<\/picture>\n                  <div class=\"card-content p-2\">\n                    <span class=\"category d-inline-flex\">Hardware-Neuigkeiten<\/span>\n                    <h5 class=\"mb-2 mt-4 text-uppercase\">\n                      Isolierte Niederspannungs- &amp; IEPE-Datenerfassung mit unseren neuen TRION3-24xx-ACC\/LV-Modulen\n                    <\/h5>\n                                        <span class=\"read-more text-primary text-uppercase mt-4 d-block\">\n                      Mehr lesen\n                    <\/span>\n                  <\/div>\n      <span><\/span>\n      <\/a>\n              <\/div>\n                          <div class=\"news-card swiper-slide col-lg-4 col-12 bg-light \">\n                <a class=\"\" href=\"https:\/\/www.dewetron.com\/de\/news\/oxygen-8-major-release\/\" target=\"\">\n          <picture>\n        <img decoding=\"async\"\n        class=\"img-fluid aspect-4-3\" size=\"full\"\n        src=\"https:\/\/www.dewetron.com\/app\/uploads\/2026\/02\/header_oxygen_8.0.jpg\"\n        alt=\"\"\n        title=\"\"\n        loading=\"lazy\"\n                    onerror=\"this.src = 'https:\/\/www.dewetron.com\/app\/themes\/dewetron\/public\/images\/fallback.8952c5.jpg'\"\n            >\n<\/picture>\n                  <div class=\"card-content p-2\">\n                    <span class=\"category d-inline-flex\">Software-Info<\/span>\n                    <h5 class=\"mb-2 mt-4 text-uppercase\">\n                      OXYGEN 8.0 \u2013 Major Release mit erweiterter Konnektivit\u00e4t, Mobilit\u00e4t und Usability\n                    <\/h5>\n                                        <span class=\"read-more text-primary text-uppercase mt-4 d-block\">\n                      Mehr lesen\n                    <\/span>\n                  <\/div>\n      <span><\/span>\n      <\/a>\n              <\/div>\n                          <div class=\"news-card swiper-slide col-lg-4 col-12 bg-light \">\n                <a class=\"\" href=\"https:\/\/www.dewetron.com\/de\/news\/oxygen-go-app-for-mobile-devices\/\" target=\"\">\n          <picture>\n        <img decoding=\"async\"\n        class=\"img-fluid aspect-4-3\" size=\"full\"\n        src=\"https:\/\/www.dewetron.com\/app\/uploads\/2026\/02\/OXYGEN-Go-Easy-Connectivity-teststand.png\"\n        alt=\"\"\n        title=\"\"\n        loading=\"lazy\"\n                    onerror=\"this.src = 'https:\/\/www.dewetron.com\/app\/themes\/dewetron\/public\/images\/fallback.8952c5.jpg'\"\n            >\n<\/picture>\n                  <div class=\"card-content p-2\">\n                    <span class=\"category d-inline-flex\">Software-Info<\/span>\n                    <h5 class=\"mb-2 mt-4 text-uppercase\">\n                      OXYGEN-GO App f\u00fcr Ihr Mobilger\u00e4t\n                    <\/h5>\n                                        <span class=\"read-more text-primary text-uppercase mt-4 d-block\">\n                      Mehr lesen\n                    <\/span>\n                  <\/div>\n      <span><\/span>\n      <\/a>\n              <\/div>\n                          <div class=\"news-card swiper-slide col-lg-4 col-12 bg-light \">\n                <a class=\"\" href=\"https:\/\/www.dewetron.com\/de\/news\/automatisierter-mixer-testwagen\/\" target=\"\">\n          <picture>\n        <img decoding=\"async\"\n        class=\"img-fluid aspect-4-3\" size=\"full\"\n        src=\"https:\/\/www.dewetron.com\/app\/uploads\/2026\/01\/Automated-Blender-Tests.jpg\"\n        alt=\"\"\n        title=\"\"\n        loading=\"lazy\"\n                    onerror=\"this.src = 'https:\/\/www.dewetron.com\/app\/themes\/dewetron\/public\/images\/fallback.8952c5.jpg'\"\n            >\n<\/picture>\n                  <div class=\"card-content p-2\">\n                    <span class=\"category d-inline-flex\">Industrie-Neuigkeiten<\/span>\n                    <h5 class=\"mb-2 mt-4 text-uppercase\">\n                      Automatisierter Mixer-Testwagen\n                    <\/h5>\n                                        <span class=\"read-more text-primary text-uppercase mt-4 d-block\">\n                      Mehr lesen\n                    <\/span>\n                  <\/div>\n      <span><\/span>\n      <\/a>\n              <\/div>\n                          <div class=\"news-card swiper-slide col-lg-4 col-12 bg-light \">\n                <a class=\"\" href=\"https:\/\/www.dewetron.com\/de\/news\/frequenzanalyse-in-der-signalverarbeitung\/\" target=\"\">\n          <picture>\n        <img decoding=\"async\"\n        class=\"img-fluid aspect-4-3\" size=\"full\"\n        src=\"https:\/\/www.dewetron.com\/app\/uploads\/2026\/01\/One-Pager-Frequency-Analysis-Header.jpeg\"\n        alt=\"\"\n        title=\"\"\n        loading=\"lazy\"\n                    onerror=\"this.src = 'https:\/\/www.dewetron.com\/app\/themes\/dewetron\/public\/images\/fallback.8952c5.jpg'\"\n            >\n<\/picture>\n                  <div class=\"card-content p-2\">\n                    <span class=\"category d-inline-flex\">DAQ Wissenswertes<\/span>\n                    <h5 class=\"mb-2 mt-4 text-uppercase\">\n                      Frequenzanalyse in der Signalverarbeitung\n                    <\/h5>\n                                        <span class=\"read-more text-primary text-uppercase mt-4 d-block\">\n                      Mehr lesen\n                    <\/span>\n                  <\/div>\n      <span><\/span>\n      <\/a>\n              <\/div>\n                      <\/div>\n        <\/div>\n        <div class=\"swiper-button-custom swiper-button-prev-custom p-0\">\n            <svg width=\"89\" height=\"103\" viewBox=\"0 0 89 103\" fill=\"none\" xmlns=\"http:\/\/www.w3.org\/2000\/svg\">\n<path d=\"M0 58.8001V44.2001L88.6 0.600098V17.8001L17.4 51.6001L88.6 85.2001V102.4L0 58.8001Z\" fill=\"#D4D4D4\"\/>\n<\/svg>        <\/div>\n        <div class=\"swiper-button-custom swiper-button-next-custom p-0\">\n            <svg width=\"89\" height=\"103\" viewBox=\"0 0 89 103\" fill=\"none\" xmlns=\"http:\/\/www.w3.org\/2000\/svg\">\n<path d=\"M88.6 44.2001V58.8001L0 102.4V85.2001L71.2 51.4001L0 17.8001V0.600098L88.6 44.2001Z\" fill=\"#D4D4D4\"\/>\n<\/svg>        <\/div>\n      <\/div>\n      <div class=\"col-12 d-lg-none d-grid link text-cente mt-8\">\n                <a class=\"dewetron-btn\" href=\"https:\/\/www.dewetron.com\/de\/know-how-center\/newsroom\/\" target=\"\">\n          Alle News\n      <span><\/span>\n      <\/a>\n              <\/div>\n    <\/div>\n  <\/div>\n<\/div>\n","protected":false},"excerpt":{"rendered":"<p>Erfahren Sie wie wichtig die Kalibrierung f\u00fcr Ihr Messsystem ist, wie DEWETRON Ger\u00e4te kalibriert und welche Kalibrierungsprozessen. es gibt.<\/p>\n","protected":false},"author":2,"featured_media":42313,"comment_status":"closed","ping_status":"open","sticky":false,"template":"","format":"standard","meta":{"_acf_changed":false,"footnotes":""},"categories":[319],"tags":[],"class_list":["post-47254","post","type-post","status-publish","format-standard","has-post-thumbnail","hentry","category-wissen"],"acf":[],"yoast_head":"<!-- This site is optimized with the Yoast SEO Premium plugin v23.9 (Yoast SEO v27.2) - https:\/\/yoast.com\/product\/yoast-seo-premium-wordpress\/ -->\n<title>Kalibrierung - Was ist das und warum ist es so wichtig? - DEWETRON<\/title>\n<meta name=\"description\" content=\"Erfahren Sie wie wichtig die Kalibrierung f\u00fcr Ihr Messsystem ist, wie DEWETRON Ger\u00e4te kalibriert und welche Kalibrierungsprozessen. es gibt.\" \/>\n<meta name=\"robots\" content=\"index, follow, max-snippet:-1, max-image-preview:large, max-video-preview:-1\" \/>\n<link rel=\"canonical\" href=\"https:\/\/www.dewetron.com\/de\/news\/kalibrierung-was-ist-das-und-warum-ist-es-so-wichtig\/\" \/>\n<meta property=\"og:locale\" content=\"de_DE\" \/>\n<meta property=\"og:type\" content=\"article\" \/>\n<meta property=\"og:title\" content=\"Kalibrierung - Was ist das und warum ist es so wichtig?\" \/>\n<meta property=\"og:description\" content=\"Erfahren Sie wie wichtig die Kalibrierung f\u00fcr Ihr Messsystem ist, wie DEWETRON Ger\u00e4te kalibriert und welche Kalibrierungsprozessen. es gibt.\" \/>\n<meta property=\"og:url\" content=\"https:\/\/www.dewetron.com\/de\/news\/kalibrierung-was-ist-das-und-warum-ist-es-so-wichtig\/\" \/>\n<meta property=\"og:site_name\" content=\"DEWETRON\" \/>\n<meta property=\"article:publisher\" content=\"https:\/\/www.facebook.com\/dewetron.gmbh\" \/>\n<meta property=\"article:published_time\" content=\"2023-05-17T08:00:23+00:00\" \/>\n<meta property=\"article:modified_time\" content=\"2025-02-03T12:16:17+00:00\" \/>\n<meta property=\"og:image\" content=\"https:\/\/www.dewetron.com\/app\/uploads\/2024\/10\/header-what-is-calibration.jpg\" \/>\n\t<meta property=\"og:image:width\" content=\"1611\" \/>\n\t<meta property=\"og:image:height\" content=\"715\" \/>\n\t<meta property=\"og:image:type\" content=\"image\/webp\" \/>\n<meta name=\"author\" content=\"Bettina Dunst\" \/>\n<meta name=\"twitter:card\" content=\"summary_large_image\" \/>\n<meta name=\"twitter:label1\" content=\"Written by\" \/>\n\t<meta name=\"twitter:data1\" content=\"Bettina Dunst\" \/>\n\t<meta name=\"twitter:label2\" content=\"Est. reading time\" \/>\n\t<meta name=\"twitter:data2\" content=\"1 minute\" \/>\n<script type=\"application\/ld+json\" class=\"yoast-schema-graph\">{\"@context\":\"https:\/\/schema.org\",\"@graph\":[{\"@type\":\"Article\",\"@id\":\"https:\/\/www.dewetron.com\/de\/news\/kalibrierung-was-ist-das-und-warum-ist-es-so-wichtig\/#article\",\"isPartOf\":{\"@id\":\"https:\/\/www.dewetron.com\/de\/news\/kalibrierung-was-ist-das-und-warum-ist-es-so-wichtig\/\"},\"author\":{\"name\":\"Bettina Dunst\",\"@id\":\"https:\/\/www.dewetron.com\/de\/#\/schema\/person\/8f0457a73abffb512203296cd2a59159\"},\"headline\":\"Kalibrierung &#8211; Was ist das und warum ist es so wichtig?\",\"datePublished\":\"2023-05-17T08:00:23+00:00\",\"dateModified\":\"2025-02-03T12:16:17+00:00\",\"mainEntityOfPage\":{\"@id\":\"https:\/\/www.dewetron.com\/de\/news\/kalibrierung-was-ist-das-und-warum-ist-es-so-wichtig\/\"},\"wordCount\":11,\"publisher\":{\"@id\":\"https:\/\/www.dewetron.com\/de\/#organization\"},\"image\":{\"@id\":\"https:\/\/www.dewetron.com\/de\/news\/kalibrierung-was-ist-das-und-warum-ist-es-so-wichtig\/#primaryimage\"},\"thumbnailUrl\":\"https:\/\/www.dewetron.com\/app\/uploads\/2024\/10\/header-what-is-calibration.jpg\",\"articleSection\":[\"DAQ Wissenswertes\"],\"inLanguage\":\"de-DE\"},{\"@type\":\"WebPage\",\"@id\":\"https:\/\/www.dewetron.com\/de\/news\/kalibrierung-was-ist-das-und-warum-ist-es-so-wichtig\/\",\"url\":\"https:\/\/www.dewetron.com\/de\/news\/kalibrierung-was-ist-das-und-warum-ist-es-so-wichtig\/\",\"name\":\"Kalibrierung - Was ist das und warum ist es so wichtig? - DEWETRON\",\"isPartOf\":{\"@id\":\"https:\/\/www.dewetron.com\/de\/#website\"},\"primaryImageOfPage\":{\"@id\":\"https:\/\/www.dewetron.com\/de\/news\/kalibrierung-was-ist-das-und-warum-ist-es-so-wichtig\/#primaryimage\"},\"image\":{\"@id\":\"https:\/\/www.dewetron.com\/de\/news\/kalibrierung-was-ist-das-und-warum-ist-es-so-wichtig\/#primaryimage\"},\"thumbnailUrl\":\"https:\/\/www.dewetron.com\/app\/uploads\/2024\/10\/header-what-is-calibration.jpg\",\"datePublished\":\"2023-05-17T08:00:23+00:00\",\"dateModified\":\"2025-02-03T12:16:17+00:00\",\"description\":\"Erfahren Sie wie wichtig die Kalibrierung f\u00fcr Ihr Messsystem ist, wie DEWETRON Ger\u00e4te kalibriert und welche Kalibrierungsprozessen. es gibt.\",\"breadcrumb\":{\"@id\":\"https:\/\/www.dewetron.com\/de\/news\/kalibrierung-was-ist-das-und-warum-ist-es-so-wichtig\/#breadcrumb\"},\"inLanguage\":\"de-DE\",\"potentialAction\":[{\"@type\":\"ReadAction\",\"target\":[\"https:\/\/www.dewetron.com\/de\/news\/kalibrierung-was-ist-das-und-warum-ist-es-so-wichtig\/\"]}]},{\"@type\":\"ImageObject\",\"inLanguage\":\"de-DE\",\"@id\":\"https:\/\/www.dewetron.com\/de\/news\/kalibrierung-was-ist-das-und-warum-ist-es-so-wichtig\/#primaryimage\",\"url\":\"https:\/\/www.dewetron.com\/app\/uploads\/2024\/10\/header-what-is-calibration.jpg\",\"contentUrl\":\"https:\/\/www.dewetron.com\/app\/uploads\/2024\/10\/header-what-is-calibration.jpg\",\"width\":1611,\"height\":715},{\"@type\":\"BreadcrumbList\",\"@id\":\"https:\/\/www.dewetron.com\/de\/news\/kalibrierung-was-ist-das-und-warum-ist-es-so-wichtig\/#breadcrumb\",\"itemListElement\":[{\"@type\":\"ListItem\",\"position\":1,\"name\":\"Home\",\"item\":\"https:\/\/www.dewetron.com\/de\/\"},{\"@type\":\"ListItem\",\"position\":2,\"name\":\"Kalibrierung &#8211; Was ist das und warum ist es so wichtig?\"}]},{\"@type\":\"WebSite\",\"@id\":\"https:\/\/www.dewetron.com\/de\/#website\",\"url\":\"https:\/\/www.dewetron.com\/de\/\",\"name\":\"DEWETRON\",\"description\":\"\",\"publisher\":{\"@id\":\"https:\/\/www.dewetron.com\/de\/#organization\"},\"potentialAction\":[{\"@type\":\"SearchAction\",\"target\":{\"@type\":\"EntryPoint\",\"urlTemplate\":\"https:\/\/www.dewetron.com\/de\/?s={search_term_string}\"},\"query-input\":{\"@type\":\"PropertyValueSpecification\",\"valueRequired\":true,\"valueName\":\"search_term_string\"}}],\"inLanguage\":\"de-DE\"},{\"@type\":\"Organization\",\"@id\":\"https:\/\/www.dewetron.com\/de\/#organization\",\"name\":\"DEWETRON\",\"url\":\"https:\/\/www.dewetron.com\/de\/\",\"logo\":{\"@type\":\"ImageObject\",\"inLanguage\":\"de-DE\",\"@id\":\"https:\/\/www.dewetron.com\/de\/#\/schema\/logo\/image\/\",\"url\":\"https:\/\/www.dewetron.com\/app\/uploads\/2024\/08\/DEWETRON-logo-text-and-image.png\",\"contentUrl\":\"https:\/\/www.dewetron.com\/app\/uploads\/2024\/08\/DEWETRON-logo-text-and-image.png\",\"width\":900,\"height\":979,\"caption\":\"DEWETRON\"},\"image\":{\"@id\":\"https:\/\/www.dewetron.com\/de\/#\/schema\/logo\/image\/\"},\"sameAs\":[\"https:\/\/www.facebook.com\/dewetron.gmbh\",\"https:\/\/www.linkedin.com\/company\/dewetron\/\",\"https:\/\/www.instagram.com\/wearedewetron\/\",\"https:\/\/www.youtube.com\/channel\/UCE76NeVVgWF65etH8E1bOog\"]},{\"@type\":\"Person\",\"@id\":\"https:\/\/www.dewetron.com\/de\/#\/schema\/person\/8f0457a73abffb512203296cd2a59159\",\"name\":\"Bettina Dunst\",\"image\":{\"@type\":\"ImageObject\",\"inLanguage\":\"de-DE\",\"@id\":\"https:\/\/secure.gravatar.com\/avatar\/bf0df50dc5d25d9ea432c4399e038ca4e0ebeaae9b9c18bd51f6939f36a5a0eb?s=96&d=mm&r=g\",\"url\":\"https:\/\/secure.gravatar.com\/avatar\/bf0df50dc5d25d9ea432c4399e038ca4e0ebeaae9b9c18bd51f6939f36a5a0eb?s=96&d=mm&r=g\",\"contentUrl\":\"https:\/\/secure.gravatar.com\/avatar\/bf0df50dc5d25d9ea432c4399e038ca4e0ebeaae9b9c18bd51f6939f36a5a0eb?s=96&d=mm&r=g\",\"caption\":\"Bettina Dunst\"},\"url\":\"https:\/\/www.dewetron.com\/de\/news\/author\/bettina-dunst\/\"}]}<\/script>\n<!-- \/ Yoast SEO Premium plugin. -->","yoast_head_json":{"title":"Kalibrierung - Was ist das und warum ist es so wichtig? - DEWETRON","description":"Erfahren Sie wie wichtig die Kalibrierung f\u00fcr Ihr Messsystem ist, wie DEWETRON Ger\u00e4te kalibriert und welche Kalibrierungsprozessen. es gibt.","robots":{"index":"index","follow":"follow","max-snippet":"max-snippet:-1","max-image-preview":"max-image-preview:large","max-video-preview":"max-video-preview:-1"},"canonical":"https:\/\/www.dewetron.com\/de\/news\/kalibrierung-was-ist-das-und-warum-ist-es-so-wichtig\/","og_locale":"de_DE","og_type":"article","og_title":"Kalibrierung - Was ist das und warum ist es so wichtig?","og_description":"Erfahren Sie wie wichtig die Kalibrierung f\u00fcr Ihr Messsystem ist, wie DEWETRON Ger\u00e4te kalibriert und welche Kalibrierungsprozessen. es gibt.","og_url":"https:\/\/www.dewetron.com\/de\/news\/kalibrierung-was-ist-das-und-warum-ist-es-so-wichtig\/","og_site_name":"DEWETRON","article_publisher":"https:\/\/www.facebook.com\/dewetron.gmbh","article_published_time":"2023-05-17T08:00:23+00:00","article_modified_time":"2025-02-03T12:16:17+00:00","og_image":[{"width":1611,"height":715,"url":"https:\/\/www.dewetron.com\/app\/uploads\/2024\/10\/header-what-is-calibration.jpg","type":"image\/webp"}],"author":"Bettina Dunst","twitter_card":"summary_large_image","twitter_misc":{"Written by":"Bettina Dunst","Est. reading time":"1 minute"},"schema":{"@context":"https:\/\/schema.org","@graph":[{"@type":"Article","@id":"https:\/\/www.dewetron.com\/de\/news\/kalibrierung-was-ist-das-und-warum-ist-es-so-wichtig\/#article","isPartOf":{"@id":"https:\/\/www.dewetron.com\/de\/news\/kalibrierung-was-ist-das-und-warum-ist-es-so-wichtig\/"},"author":{"name":"Bettina Dunst","@id":"https:\/\/www.dewetron.com\/de\/#\/schema\/person\/8f0457a73abffb512203296cd2a59159"},"headline":"Kalibrierung &#8211; Was ist das und warum ist es so wichtig?","datePublished":"2023-05-17T08:00:23+00:00","dateModified":"2025-02-03T12:16:17+00:00","mainEntityOfPage":{"@id":"https:\/\/www.dewetron.com\/de\/news\/kalibrierung-was-ist-das-und-warum-ist-es-so-wichtig\/"},"wordCount":11,"publisher":{"@id":"https:\/\/www.dewetron.com\/de\/#organization"},"image":{"@id":"https:\/\/www.dewetron.com\/de\/news\/kalibrierung-was-ist-das-und-warum-ist-es-so-wichtig\/#primaryimage"},"thumbnailUrl":"https:\/\/www.dewetron.com\/app\/uploads\/2024\/10\/header-what-is-calibration.jpg","articleSection":["DAQ Wissenswertes"],"inLanguage":"de-DE"},{"@type":"WebPage","@id":"https:\/\/www.dewetron.com\/de\/news\/kalibrierung-was-ist-das-und-warum-ist-es-so-wichtig\/","url":"https:\/\/www.dewetron.com\/de\/news\/kalibrierung-was-ist-das-und-warum-ist-es-so-wichtig\/","name":"Kalibrierung - Was ist das und warum ist es so wichtig? - DEWETRON","isPartOf":{"@id":"https:\/\/www.dewetron.com\/de\/#website"},"primaryImageOfPage":{"@id":"https:\/\/www.dewetron.com\/de\/news\/kalibrierung-was-ist-das-und-warum-ist-es-so-wichtig\/#primaryimage"},"image":{"@id":"https:\/\/www.dewetron.com\/de\/news\/kalibrierung-was-ist-das-und-warum-ist-es-so-wichtig\/#primaryimage"},"thumbnailUrl":"https:\/\/www.dewetron.com\/app\/uploads\/2024\/10\/header-what-is-calibration.jpg","datePublished":"2023-05-17T08:00:23+00:00","dateModified":"2025-02-03T12:16:17+00:00","description":"Erfahren Sie wie wichtig die Kalibrierung f\u00fcr Ihr Messsystem ist, wie DEWETRON Ger\u00e4te kalibriert und welche Kalibrierungsprozessen. es gibt.","breadcrumb":{"@id":"https:\/\/www.dewetron.com\/de\/news\/kalibrierung-was-ist-das-und-warum-ist-es-so-wichtig\/#breadcrumb"},"inLanguage":"de-DE","potentialAction":[{"@type":"ReadAction","target":["https:\/\/www.dewetron.com\/de\/news\/kalibrierung-was-ist-das-und-warum-ist-es-so-wichtig\/"]}]},{"@type":"ImageObject","inLanguage":"de-DE","@id":"https:\/\/www.dewetron.com\/de\/news\/kalibrierung-was-ist-das-und-warum-ist-es-so-wichtig\/#primaryimage","url":"https:\/\/www.dewetron.com\/app\/uploads\/2024\/10\/header-what-is-calibration.jpg","contentUrl":"https:\/\/www.dewetron.com\/app\/uploads\/2024\/10\/header-what-is-calibration.jpg","width":1611,"height":715},{"@type":"BreadcrumbList","@id":"https:\/\/www.dewetron.com\/de\/news\/kalibrierung-was-ist-das-und-warum-ist-es-so-wichtig\/#breadcrumb","itemListElement":[{"@type":"ListItem","position":1,"name":"Home","item":"https:\/\/www.dewetron.com\/de\/"},{"@type":"ListItem","position":2,"name":"Kalibrierung &#8211; Was ist das und warum ist es so wichtig?"}]},{"@type":"WebSite","@id":"https:\/\/www.dewetron.com\/de\/#website","url":"https:\/\/www.dewetron.com\/de\/","name":"DEWETRON","description":"","publisher":{"@id":"https:\/\/www.dewetron.com\/de\/#organization"},"potentialAction":[{"@type":"SearchAction","target":{"@type":"EntryPoint","urlTemplate":"https:\/\/www.dewetron.com\/de\/?s={search_term_string}"},"query-input":{"@type":"PropertyValueSpecification","valueRequired":true,"valueName":"search_term_string"}}],"inLanguage":"de-DE"},{"@type":"Organization","@id":"https:\/\/www.dewetron.com\/de\/#organization","name":"DEWETRON","url":"https:\/\/www.dewetron.com\/de\/","logo":{"@type":"ImageObject","inLanguage":"de-DE","@id":"https:\/\/www.dewetron.com\/de\/#\/schema\/logo\/image\/","url":"https:\/\/www.dewetron.com\/app\/uploads\/2024\/08\/DEWETRON-logo-text-and-image.png","contentUrl":"https:\/\/www.dewetron.com\/app\/uploads\/2024\/08\/DEWETRON-logo-text-and-image.png","width":900,"height":979,"caption":"DEWETRON"},"image":{"@id":"https:\/\/www.dewetron.com\/de\/#\/schema\/logo\/image\/"},"sameAs":["https:\/\/www.facebook.com\/dewetron.gmbh","https:\/\/www.linkedin.com\/company\/dewetron\/","https:\/\/www.instagram.com\/wearedewetron\/","https:\/\/www.youtube.com\/channel\/UCE76NeVVgWF65etH8E1bOog"]},{"@type":"Person","@id":"https:\/\/www.dewetron.com\/de\/#\/schema\/person\/8f0457a73abffb512203296cd2a59159","name":"Bettina Dunst","image":{"@type":"ImageObject","inLanguage":"de-DE","@id":"https:\/\/secure.gravatar.com\/avatar\/bf0df50dc5d25d9ea432c4399e038ca4e0ebeaae9b9c18bd51f6939f36a5a0eb?s=96&d=mm&r=g","url":"https:\/\/secure.gravatar.com\/avatar\/bf0df50dc5d25d9ea432c4399e038ca4e0ebeaae9b9c18bd51f6939f36a5a0eb?s=96&d=mm&r=g","contentUrl":"https:\/\/secure.gravatar.com\/avatar\/bf0df50dc5d25d9ea432c4399e038ca4e0ebeaae9b9c18bd51f6939f36a5a0eb?s=96&d=mm&r=g","caption":"Bettina Dunst"},"url":"https:\/\/www.dewetron.com\/de\/news\/author\/bettina-dunst\/"}]}},"_links":{"self":[{"href":"https:\/\/www.dewetron.com\/de\/wp-json\/wp\/v2\/posts\/47254","targetHints":{"allow":["GET"]}}],"collection":[{"href":"https:\/\/www.dewetron.com\/de\/wp-json\/wp\/v2\/posts"}],"about":[{"href":"https:\/\/www.dewetron.com\/de\/wp-json\/wp\/v2\/types\/post"}],"author":[{"embeddable":true,"href":"https:\/\/www.dewetron.com\/de\/wp-json\/wp\/v2\/users\/2"}],"replies":[{"embeddable":true,"href":"https:\/\/www.dewetron.com\/de\/wp-json\/wp\/v2\/comments?post=47254"}],"version-history":[{"count":8,"href":"https:\/\/www.dewetron.com\/de\/wp-json\/wp\/v2\/posts\/47254\/revisions"}],"predecessor-version":[{"id":54510,"href":"https:\/\/www.dewetron.com\/de\/wp-json\/wp\/v2\/posts\/47254\/revisions\/54510"}],"wp:featuredmedia":[{"embeddable":true,"href":"https:\/\/www.dewetron.com\/de\/wp-json\/wp\/v2\/media\/42313"}],"wp:attachment":[{"href":"https:\/\/www.dewetron.com\/de\/wp-json\/wp\/v2\/media?parent=47254"}],"wp:term":[{"taxonomy":"category","embeddable":true,"href":"https:\/\/www.dewetron.com\/de\/wp-json\/wp\/v2\/categories?post=47254"},{"taxonomy":"post_tag","embeddable":true,"href":"https:\/\/www.dewetron.com\/de\/wp-json\/wp\/v2\/tags?post=47254"}],"curies":[{"name":"wp","href":"https:\/\/api.w.org\/{rel}","templated":true}]}}